{"id":50717,"date":"2025-11-26T14:59:57","date_gmt":"2025-11-26T17:59:57","guid":{"rendered":"http:\/\/masquenoticiastucuman.com.ar\/?p=50717"},"modified":"2025-11-26T14:59:57","modified_gmt":"2025-11-26T17:59:57","slug":"batalla-campal-en-el-futbol-boliviano-real-oruro-y-blooming-terminaron-en-una-pelea-brutal-con-17-expulsados","status":"publish","type":"post","link":"https:\/\/masquenoticiastucuman.com.ar\/?p=50717","title":{"rendered":"Batalla campal en el f\u00fatbol boliviano: Real Oruro y Blooming terminaron en una pelea brutal con 17 expulsados"},"content":{"rendered":"<ul>\n<li>Tras la clasificaci\u00f3n del equipo visitante se desat\u00f3 una batalla campal entre jugadores, suplentes y cuerpos t\u00e9cnicos.<\/li>\n<li>El DT del equipo local termin\u00f3 internado en un hospital, mientras que uno de los colaboradores del equipo de La Paz sufri\u00f3 una fractura en el p\u00f3mulo.<\/li>\n<\/ul>\n<p>\u200bTras la clasificaci\u00f3n del equipo visitante se desat\u00f3 una batalla campal entre jugadores, suplentes y cuerpos t\u00e9cnicos.El DT del equipo local termin\u00f3 internado en un hospital, mientras que uno de los colaboradores del equipo de La Paz sufri\u00f3 una fractura en el p\u00f3mulo.\u00a0<a href=\"https:\/\/www.clarin.com\/deportes\/batalla-campal-futbol-boliviano-real-oruro-blooming-terminaron-pelea-brutal-17-expulsados_0_TOwe0ILaKn.html\" target=\"_blank\" class=\"feedzy-rss-link-icon\">Read More<\/a><\/p>","protected":false},"excerpt":{"rendered":"<p>Tras la clasificaci\u00f3n del equipo visitante se desat\u00f3 una batalla campal entre jugadores, suplentes y&#8230;<\/p>\n","protected":false},"author":1,"featured_media":0,"comment_status":"open","ping_status":"open","sticky":false,"template":"","format":"standard","meta":{"footnotes":""},"categories":[6],"tags":[],"class_list":["post-50717","post","type-post","status-publish","format-standard","has-post-thumbnail","hentry","category-deportes"],"_links":{"self":[{"href":"https:\/\/masquenoticiastucuman.com.ar\/index.php?rest_route=\/wp\/v2\/posts\/50717","targetHints":{"allow":["GET"]}}],"collection":[{"href":"https:\/\/masquenoticiastucuman.com.ar\/index.php?rest_route=\/wp\/v2\/posts"}],"about":[{"href":"https:\/\/masquenoticiastucuman.com.ar\/index.php?rest_route=\/wp\/v2\/types\/post"}],"author":[{"embeddable":true,"href":"https:\/\/masquenoticiastucuman.com.ar\/index.php?rest_route=\/wp\/v2\/users\/1"}],"replies":[{"embeddable":true,"href":"https:\/\/masquenoticiastucuman.com.ar\/index.php?rest_route=%2Fwp%2Fv2%2Fcomments&post=50717"}],"version-history":[{"count":0,"href":"https:\/\/masquenoticiastucuman.com.ar\/index.php?rest_route=\/wp\/v2\/posts\/50717\/revisions"}],"wp:attachment":[{"href":"https:\/\/masquenoticiastucuman.com.ar\/index.php?rest_route=%2Fwp%2Fv2%2Fmedia&parent=50717"}],"wp:term":[{"taxonomy":"category","embeddable":true,"href":"https:\/\/masquenoticiastucuman.com.ar\/index.php?rest_route=%2Fwp%2Fv2%2Fcategories&post=50717"},{"taxonomy":"post_tag","embeddable":true,"href":"https:\/\/masquenoticiastucuman.com.ar\/index.php?rest_route=%2Fwp%2Fv2%2Ftags&post=50717"}],"curies":[{"name":"wp","href":"https:\/\/api.w.org\/{rel}","templated":true}]}}