{"id":50726,"date":"2025-11-26T18:12:57","date_gmt":"2025-11-26T21:12:57","guid":{"rendered":"http:\/\/masquenoticiastucuman.com.ar\/?p=50726"},"modified":"2025-11-26T18:12:57","modified_gmt":"2025-11-26T21:12:57","slug":"estudiantes-hizo-su-descargo-ante-la-afa-la-estrategia-del-pincha-para-evitar-una-suspension-masiva-a-sus-jugadores-por-el-pasillo-a-rosario-central","status":"publish","type":"post","link":"https:\/\/masquenoticiastucuman.com.ar\/?p=50726","title":{"rendered":"Estudiantes hizo su descargo ante la AFA: la estrategia del &#8220;Pincha&#8221; para evitar una suspensi\u00f3n masiva a sus jugadores por el pasillo a Rosario Central"},"content":{"rendered":"<ul>\n<li>Hizo su presentaci\u00f3n ante el Tribunal de Disciplina, que la hab\u00eda dado 48 horas a partir del informe del \u00e1rbitro Pablo D\u00f3valo.<\/li>\n<li>Ahora se espera la resoluci\u00f3n para este jueves.<\/li>\n<\/ul>\n<p>\u200bHizo su presentaci\u00f3n ante el Tribunal de Disciplina, que la hab\u00eda dado 48 horas a partir del informe del \u00e1rbitro Pablo D\u00f3valo.Ahora se espera la resoluci\u00f3n para este jueves.\u00a0<a href=\"https:\/\/www.clarin.com\/deportes\/estudiantes-hizo-descargo-afa-estrategia-pincha-evitar-suspension-masiva-jugadores-pasillo-rosario-central_0_d3PihoiFWc.html\" target=\"_blank\" class=\"feedzy-rss-link-icon\">Read More<\/a><\/p>","protected":false},"excerpt":{"rendered":"<p>Hizo su presentaci\u00f3n ante el Tribunal de Disciplina, que la hab\u00eda dado 48 horas a&#8230;<\/p>\n","protected":false},"author":1,"featured_media":0,"comment_status":"open","ping_status":"open","sticky":false,"template":"","format":"standard","meta":{"footnotes":""},"categories":[6],"tags":[],"class_list":["post-50726","post","type-post","status-publish","format-standard","has-post-thumbnail","hentry","category-deportes"],"_links":{"self":[{"href":"https:\/\/masquenoticiastucuman.com.ar\/index.php?rest_route=\/wp\/v2\/posts\/50726","targetHints":{"allow":["GET"]}}],"collection":[{"href":"https:\/\/masquenoticiastucuman.com.ar\/index.php?rest_route=\/wp\/v2\/posts"}],"about":[{"href":"https:\/\/masquenoticiastucuman.com.ar\/index.php?rest_route=\/wp\/v2\/types\/post"}],"author":[{"embeddable":true,"href":"https:\/\/masquenoticiastucuman.com.ar\/index.php?rest_route=\/wp\/v2\/users\/1"}],"replies":[{"embeddable":true,"href":"https:\/\/masquenoticiastucuman.com.ar\/index.php?rest_route=%2Fwp%2Fv2%2Fcomments&post=50726"}],"version-history":[{"count":0,"href":"https:\/\/masquenoticiastucuman.com.ar\/index.php?rest_route=\/wp\/v2\/posts\/50726\/revisions"}],"wp:attachment":[{"href":"https:\/\/masquenoticiastucuman.com.ar\/index.php?rest_route=%2Fwp%2Fv2%2Fmedia&parent=50726"}],"wp:term":[{"taxonomy":"category","embeddable":true,"href":"https:\/\/masquenoticiastucuman.com.ar\/index.php?rest_route=%2Fwp%2Fv2%2Fcategories&post=50726"},{"taxonomy":"post_tag","embeddable":true,"href":"https:\/\/masquenoticiastucuman.com.ar\/index.php?rest_route=%2Fwp%2Fv2%2Ftags&post=50726"}],"curies":[{"name":"wp","href":"https:\/\/api.w.org\/{rel}","templated":true}]}}