{"id":50994,"date":"2025-11-30T04:07:49","date_gmt":"2025-11-30T07:07:49","guid":{"rendered":"http:\/\/masquenoticiastucuman.com.ar\/?p=50994"},"modified":"2025-11-30T04:07:49","modified_gmt":"2025-11-30T07:07:49","slug":"un-hombre-abrio-fuego-en-un-salon-de-fiestas-en-california-cuatro-muertos-y-diez-heridos","status":"publish","type":"post","link":"https:\/\/masquenoticiastucuman.com.ar\/?p=50994","title":{"rendered":"Un hombre abri\u00f3 fuego en un sal\u00f3n de fiestas en California: cuatro muertos y diez heridos"},"content":{"rendered":"<ul>\n<li>Ocurri\u00f3 durante una reuni\u00f3n familiar y entre las v\u00edctimas hay ni\u00f1os. <\/li>\n<li>La Polic\u00eda investiga si se trat\u00f3 de un ataque &#8220;dirigido&#8221;.<\/li>\n<\/ul>\n<p>\u200bOcurri\u00f3 durante una reuni\u00f3n familiar y entre las v\u00edctimas hay ni\u00f1os. La Polic\u00eda investiga si se trat\u00f3 de un ataque &#8220;dirigido&#8221;.\u00a0<a href=\"https:\/\/www.clarin.com\/mundo\/hombre-abrio-fuego-salon-fiestas-california-muertos-heridos_0_bumUyGkEwL.html\" target=\"_blank\" class=\"feedzy-rss-link-icon\">Read More<\/a><\/p>","protected":false},"excerpt":{"rendered":"<p>Ocurri\u00f3 durante una reuni\u00f3n familiar y entre las v\u00edctimas hay ni\u00f1os. La Polic\u00eda investiga si&#8230;<\/p>\n","protected":false},"author":1,"featured_media":50995,"comment_status":"open","ping_status":"open","sticky":false,"template":"","format":"standard","meta":{"footnotes":""},"categories":[4],"tags":[],"class_list":["post-50994","post","type-post","status-publish","format-standard","has-post-thumbnail","hentry","category-internacionales"],"_links":{"self":[{"href":"https:\/\/masquenoticiastucuman.com.ar\/index.php?rest_route=\/wp\/v2\/posts\/50994","targetHints":{"allow":["GET"]}}],"collection":[{"href":"https:\/\/masquenoticiastucuman.com.ar\/index.php?rest_route=\/wp\/v2\/posts"}],"about":[{"href":"https:\/\/masquenoticiastucuman.com.ar\/index.php?rest_route=\/wp\/v2\/types\/post"}],"author":[{"embeddable":true,"href":"https:\/\/masquenoticiastucuman.com.ar\/index.php?rest_route=\/wp\/v2\/users\/1"}],"replies":[{"embeddable":true,"href":"https:\/\/masquenoticiastucuman.com.ar\/index.php?rest_route=%2Fwp%2Fv2%2Fcomments&post=50994"}],"version-history":[{"count":0,"href":"https:\/\/masquenoticiastucuman.com.ar\/index.php?rest_route=\/wp\/v2\/posts\/50994\/revisions"}],"wp:featuredmedia":[{"embeddable":true,"href":"https:\/\/masquenoticiastucuman.com.ar\/index.php?rest_route=\/wp\/v2\/media\/50995"}],"wp:attachment":[{"href":"https:\/\/masquenoticiastucuman.com.ar\/index.php?rest_route=%2Fwp%2Fv2%2Fmedia&parent=50994"}],"wp:term":[{"taxonomy":"category","embeddable":true,"href":"https:\/\/masquenoticiastucuman.com.ar\/index.php?rest_route=%2Fwp%2Fv2%2Fcategories&post=50994"},{"taxonomy":"post_tag","embeddable":true,"href":"https:\/\/masquenoticiastucuman.com.ar\/index.php?rest_route=%2Fwp%2Fv2%2Ftags&post=50994"}],"curies":[{"name":"wp","href":"https:\/\/api.w.org\/{rel}","templated":true}]}}