{"id":50997,"date":"2025-11-30T06:01:46","date_gmt":"2025-11-30T09:01:46","guid":{"rendered":"http:\/\/masquenoticiastucuman.com.ar\/?p=50997"},"modified":"2025-11-30T06:01:46","modified_gmt":"2025-11-30T09:01:46","slug":"f1-gp-de-qatar-con-franco-colapinto-en-vivo-hora-de-la-carrera-y-donde-ver-hoy-domingo-30-de-noviembre","status":"publish","type":"post","link":"https:\/\/masquenoticiastucuman.com.ar\/?p=50997","title":{"rendered":"F1 GP de Qatar con Franco Colapinto, EN VIVO: hora de la carrera y d\u00f3nde ver hoy, domingo 30 de noviembre"},"content":{"rendered":"<ul>\n<li>La ante\u00faltima carrera del a\u00f1o corre en el Circuito Internacional de Lusail.<\/li>\n<li>El piloto argentino largar\u00e1 \u00faltimo y su compa\u00f1ero de equipo Pierre Gasly, 9\u00b0.<\/li>\n<li>Piastri, Norris y Verstappen partir\u00e1n en las primeras tres posiciones.<\/li>\n<\/ul>\n<p>\u200bLa ante\u00faltima carrera del a\u00f1o corre en el Circuito Internacional de Lusail.El piloto argentino largar\u00e1 \u00faltimo y su compa\u00f1ero de equipo Pierre Gasly, 9\u00b0.Piastri, Norris y Verstappen partir\u00e1n en las primeras tres posiciones.\u00a0<a href=\"https:\/\/www.clarin.com\/deportes\/f1-gp-qatar-franco-colapinto-vivo-hora-carrera-ver-hoy-domingo-30-noviembre_0_XG6KxPBqDx.html\" target=\"_blank\" class=\"feedzy-rss-link-icon\">Read More<\/a><\/p>","protected":false},"excerpt":{"rendered":"<p>La ante\u00faltima carrera del a\u00f1o corre en el Circuito Internacional de Lusail. El piloto argentino&#8230;<\/p>\n","protected":false},"author":1,"featured_media":0,"comment_status":"open","ping_status":"open","sticky":false,"template":"","format":"standard","meta":{"footnotes":""},"categories":[6],"tags":[],"class_list":["post-50997","post","type-post","status-publish","format-standard","has-post-thumbnail","hentry","category-deportes"],"_links":{"self":[{"href":"https:\/\/masquenoticiastucuman.com.ar\/index.php?rest_route=\/wp\/v2\/posts\/50997","targetHints":{"allow":["GET"]}}],"collection":[{"href":"https:\/\/masquenoticiastucuman.com.ar\/index.php?rest_route=\/wp\/v2\/posts"}],"about":[{"href":"https:\/\/masquenoticiastucuman.com.ar\/index.php?rest_route=\/wp\/v2\/types\/post"}],"author":[{"embeddable":true,"href":"https:\/\/masquenoticiastucuman.com.ar\/index.php?rest_route=\/wp\/v2\/users\/1"}],"replies":[{"embeddable":true,"href":"https:\/\/masquenoticiastucuman.com.ar\/index.php?rest_route=%2Fwp%2Fv2%2Fcomments&post=50997"}],"version-history":[{"count":0,"href":"https:\/\/masquenoticiastucuman.com.ar\/index.php?rest_route=\/wp\/v2\/posts\/50997\/revisions"}],"wp:attachment":[{"href":"https:\/\/masquenoticiastucuman.com.ar\/index.php?rest_route=%2Fwp%2Fv2%2Fmedia&parent=50997"}],"wp:term":[{"taxonomy":"category","embeddable":true,"href":"https:\/\/masquenoticiastucuman.com.ar\/index.php?rest_route=%2Fwp%2Fv2%2Fcategories&post=50997"},{"taxonomy":"post_tag","embeddable":true,"href":"https:\/\/masquenoticiastucuman.com.ar\/index.php?rest_route=%2Fwp%2Fv2%2Ftags&post=50997"}],"curies":[{"name":"wp","href":"https:\/\/api.w.org\/{rel}","templated":true}]}}