{"id":50998,"date":"2025-11-30T06:01:45","date_gmt":"2025-11-30T09:01:45","guid":{"rendered":"http:\/\/masquenoticiastucuman.com.ar\/?p=50998"},"modified":"2025-11-30T06:01:45","modified_gmt":"2025-11-30T09:01:45","slug":"veronica-ribot-y-la-formula-de-la-juventud-eterna-fue-tres-veces-olimpica-y-acaba-de-ser-bicampeona-mundial-a-los-63-anos","status":"publish","type":"post","link":"https:\/\/masquenoticiastucuman.com.ar\/?p=50998","title":{"rendered":"Ver\u00f3nica Ribot y la f\u00f3rmula de la juventud eterna: fue tres veces ol\u00edmpica y acaba de ser bicampeona mundial a los 63 a\u00f1os"},"content":{"rendered":"<ul>\n<li>Naci\u00f3 en Buenos Aires y a los 6 a\u00f1os se fue con su familia a Bahamas. All\u00ed aprendi\u00f3 a nadar y, luego, a saltar.<\/li>\n<li>Fue finalista y obtuvo diploma ol\u00edmpico en los Juegos de Barcelona 1992. <\/li>\n<li>\u201cSiempre me sent\u00ed muy orgullosa representando a un pa\u00eds en el que nac\u00ed y que siento m\u00edo en el coraz\u00f3n\u201d, cuenta.<\/li>\n<\/ul>\n<p>\u200bNaci\u00f3 en Buenos Aires y a los 6 a\u00f1os se fue con su familia a Bahamas. All\u00ed aprendi\u00f3 a nadar y, luego, a saltar.Fue finalista y obtuvo diploma ol\u00edmpico en los Juegos de Barcelona 1992. \u201cSiempre me sent\u00ed muy orgullosa representando a un pa\u00eds en el que nac\u00ed y que siento m\u00edo en el coraz\u00f3n\u201d, cuenta.\u00a0<a href=\"https:\/\/www.clarin.com\/deportes\/veronica-ribot-formula-juventud-eterna-veces-olimpica-acaba-bicampeona-mundial-63-anos_0_jDEKrNiBz9.html\" target=\"_blank\" class=\"feedzy-rss-link-icon\">Read More<\/a><\/p>","protected":false},"excerpt":{"rendered":"<p>Naci\u00f3 en Buenos Aires y a los 6 a\u00f1os se fue con su familia a&#8230;<\/p>\n","protected":false},"author":1,"featured_media":0,"comment_status":"open","ping_status":"open","sticky":false,"template":"","format":"standard","meta":{"footnotes":""},"categories":[6],"tags":[],"class_list":["post-50998","post","type-post","status-publish","format-standard","has-post-thumbnail","hentry","category-deportes"],"_links":{"self":[{"href":"https:\/\/masquenoticiastucuman.com.ar\/index.php?rest_route=\/wp\/v2\/posts\/50998","targetHints":{"allow":["GET"]}}],"collection":[{"href":"https:\/\/masquenoticiastucuman.com.ar\/index.php?rest_route=\/wp\/v2\/posts"}],"about":[{"href":"https:\/\/masquenoticiastucuman.com.ar\/index.php?rest_route=\/wp\/v2\/types\/post"}],"author":[{"embeddable":true,"href":"https:\/\/masquenoticiastucuman.com.ar\/index.php?rest_route=\/wp\/v2\/users\/1"}],"replies":[{"embeddable":true,"href":"https:\/\/masquenoticiastucuman.com.ar\/index.php?rest_route=%2Fwp%2Fv2%2Fcomments&post=50998"}],"version-history":[{"count":0,"href":"https:\/\/masquenoticiastucuman.com.ar\/index.php?rest_route=\/wp\/v2\/posts\/50998\/revisions"}],"wp:attachment":[{"href":"https:\/\/masquenoticiastucuman.com.ar\/index.php?rest_route=%2Fwp%2Fv2%2Fmedia&parent=50998"}],"wp:term":[{"taxonomy":"category","embeddable":true,"href":"https:\/\/masquenoticiastucuman.com.ar\/index.php?rest_route=%2Fwp%2Fv2%2Fcategories&post=50998"},{"taxonomy":"post_tag","embeddable":true,"href":"https:\/\/masquenoticiastucuman.com.ar\/index.php?rest_route=%2Fwp%2Fv2%2Ftags&post=50998"}],"curies":[{"name":"wp","href":"https:\/\/api.w.org\/{rel}","templated":true}]}}