{"id":51001,"date":"2025-11-30T06:01:43","date_gmt":"2025-11-30T09:01:43","guid":{"rendered":"http:\/\/masquenoticiastucuman.com.ar\/?p=51001"},"modified":"2025-11-30T06:01:43","modified_gmt":"2025-11-30T09:01:43","slug":"andy-summers-traera-las-canciones-de-the-police-con-un-trio-formado-por-musicos-de-paralamas-y-barao-vermelho","status":"publish","type":"post","link":"https:\/\/masquenoticiastucuman.com.ar\/?p=51001","title":{"rendered":"Andy Summers traer\u00e1 las canciones de The Police con un tr\u00edo formado por m\u00fasicos de Paralamas y Bar\u00e3o Vermelho"},"content":{"rendered":"<ul>\n<li>El famoso guitarrista regresa con su proyecto Call The Police, que form\u00f3 hace diez a\u00f1os.<\/li>\n<li>Estar\u00e1 el 27 de febrero en ND Teatro.<\/li>\n<\/ul>\n<p>\u200bEl famoso guitarrista regresa con su proyecto Call The Police, que form\u00f3 hace diez a\u00f1os.Estar\u00e1 el 27 de febrero en ND Teatro.\u00a0<a href=\"https:\/\/www.clarin.com\/espectaculos\/andy-summers-traera-canciones-the-police-trio-formado-musicos-paralamas-barao-vermelho_0_Kl6f4FPXw4.html\" target=\"_blank\" class=\"feedzy-rss-link-icon\">Read More<\/a><\/p>","protected":false},"excerpt":{"rendered":"<p>El famoso guitarrista regresa con su proyecto Call The Police, que form\u00f3 hace diez a\u00f1os&#8230;.<\/p>\n","protected":false},"author":1,"featured_media":51002,"comment_status":"open","ping_status":"open","sticky":false,"template":"","format":"standard","meta":{"footnotes":""},"categories":[5],"tags":[],"class_list":["post-51001","post","type-post","status-publish","format-standard","has-post-thumbnail","hentry","category-espectaculo"],"_links":{"self":[{"href":"https:\/\/masquenoticiastucuman.com.ar\/index.php?rest_route=\/wp\/v2\/posts\/51001","targetHints":{"allow":["GET"]}}],"collection":[{"href":"https:\/\/masquenoticiastucuman.com.ar\/index.php?rest_route=\/wp\/v2\/posts"}],"about":[{"href":"https:\/\/masquenoticiastucuman.com.ar\/index.php?rest_route=\/wp\/v2\/types\/post"}],"author":[{"embeddable":true,"href":"https:\/\/masquenoticiastucuman.com.ar\/index.php?rest_route=\/wp\/v2\/users\/1"}],"replies":[{"embeddable":true,"href":"https:\/\/masquenoticiastucuman.com.ar\/index.php?rest_route=%2Fwp%2Fv2%2Fcomments&post=51001"}],"version-history":[{"count":0,"href":"https:\/\/masquenoticiastucuman.com.ar\/index.php?rest_route=\/wp\/v2\/posts\/51001\/revisions"}],"wp:featuredmedia":[{"embeddable":true,"href":"https:\/\/masquenoticiastucuman.com.ar\/index.php?rest_route=\/wp\/v2\/media\/51002"}],"wp:attachment":[{"href":"https:\/\/masquenoticiastucuman.com.ar\/index.php?rest_route=%2Fwp%2Fv2%2Fmedia&parent=51001"}],"wp:term":[{"taxonomy":"category","embeddable":true,"href":"https:\/\/masquenoticiastucuman.com.ar\/index.php?rest_route=%2Fwp%2Fv2%2Fcategories&post=51001"},{"taxonomy":"post_tag","embeddable":true,"href":"https:\/\/masquenoticiastucuman.com.ar\/index.php?rest_route=%2Fwp%2Fv2%2Ftags&post=51001"}],"curies":[{"name":"wp","href":"https:\/\/api.w.org\/{rel}","templated":true}]}}