{"id":51009,"date":"2025-11-30T09:02:24","date_gmt":"2025-11-30T12:02:24","guid":{"rendered":"http:\/\/masquenoticiastucuman.com.ar\/?p=51009"},"modified":"2025-11-30T09:02:24","modified_gmt":"2025-11-30T12:02:24","slug":"el-papa-concluyo-su-visita-a-turquia-con-otra-visita-al-patriarca-ortodoxo-y-viajo-a-beirut-capital-del-atormentado-libano","status":"publish","type":"post","link":"https:\/\/masquenoticiastucuman.com.ar\/?p=51009","title":{"rendered":"El Papa concluy\u00f3 su visita a Turqu\u00eda con otra visita al Patriarca Ortodoxo\u00a0 y viaj\u00f3 a Beirut, capital del atormentado L\u00edbano"},"content":{"rendered":"<ul>\n<li>Fue agasajado por un almuerzo por el Patriarca Ortodoxo Bartolom\u00e9 I.<\/li>\n<li>Se quedar\u00e1 en L\u00edbano hasta el martes.<\/li>\n<\/ul>\n<p>\u200bFue agasajado por un almuerzo por el Patriarca Ortodoxo Bartolom\u00e9 I.Se quedar\u00e1 en L\u00edbano hasta el martes.\u00a0<a href=\"https:\/\/www.clarin.com\/mundo\/papa-concluyo-visita-turquia-visita-patriarca-constantino-viajo-beirut-capital-atormentado-libano_0_5Y63Fuk5c8.html\" target=\"_blank\" class=\"feedzy-rss-link-icon\">Read More<\/a><\/p>","protected":false},"excerpt":{"rendered":"<p>Fue agasajado por un almuerzo por el Patriarca Ortodoxo Bartolom\u00e9 I. Se quedar\u00e1 en L\u00edbano&#8230;<\/p>\n","protected":false},"author":1,"featured_media":51010,"comment_status":"open","ping_status":"open","sticky":false,"template":"","format":"standard","meta":{"footnotes":""},"categories":[4],"tags":[],"class_list":["post-51009","post","type-post","status-publish","format-standard","has-post-thumbnail","hentry","category-internacionales"],"_links":{"self":[{"href":"https:\/\/masquenoticiastucuman.com.ar\/index.php?rest_route=\/wp\/v2\/posts\/51009","targetHints":{"allow":["GET"]}}],"collection":[{"href":"https:\/\/masquenoticiastucuman.com.ar\/index.php?rest_route=\/wp\/v2\/posts"}],"about":[{"href":"https:\/\/masquenoticiastucuman.com.ar\/index.php?rest_route=\/wp\/v2\/types\/post"}],"author":[{"embeddable":true,"href":"https:\/\/masquenoticiastucuman.com.ar\/index.php?rest_route=\/wp\/v2\/users\/1"}],"replies":[{"embeddable":true,"href":"https:\/\/masquenoticiastucuman.com.ar\/index.php?rest_route=%2Fwp%2Fv2%2Fcomments&post=51009"}],"version-history":[{"count":0,"href":"https:\/\/masquenoticiastucuman.com.ar\/index.php?rest_route=\/wp\/v2\/posts\/51009\/revisions"}],"wp:featuredmedia":[{"embeddable":true,"href":"https:\/\/masquenoticiastucuman.com.ar\/index.php?rest_route=\/wp\/v2\/media\/51010"}],"wp:attachment":[{"href":"https:\/\/masquenoticiastucuman.com.ar\/index.php?rest_route=%2Fwp%2Fv2%2Fmedia&parent=51009"}],"wp:term":[{"taxonomy":"category","embeddable":true,"href":"https:\/\/masquenoticiastucuman.com.ar\/index.php?rest_route=%2Fwp%2Fv2%2Fcategories&post=51009"},{"taxonomy":"post_tag","embeddable":true,"href":"https:\/\/masquenoticiastucuman.com.ar\/index.php?rest_route=%2Fwp%2Fv2%2Ftags&post=51009"}],"curies":[{"name":"wp","href":"https:\/\/api.w.org\/{rel}","templated":true}]}}