{"id":51011,"date":"2025-11-30T09:29:21","date_gmt":"2025-11-30T12:29:21","guid":{"rendered":"http:\/\/masquenoticiastucuman.com.ar\/?p=51011"},"modified":"2025-11-30T09:29:21","modified_gmt":"2025-11-30T12:29:21","slug":"eduardo-dominguez-el-dt-de-estudiantes-se-envalentona-en-medio-de-la-escalada-de-tension-con-la-afa-el-equipo-habla-donde-tiene-que-hablar","status":"publish","type":"post","link":"https:\/\/masquenoticiastucuman.com.ar\/?p=51011","title":{"rendered":"Eduardo Dom\u00ednguez, el DT de Estudiantes, se envalentona en medio de la escalada de tensi\u00f3n con la AFA: &#8220;El equipo habla donde tiene que hablar&#8221;"},"content":{"rendered":"<ul>\n<li>El entrenador habl\u00f3 en conferencia de prensa despu\u00e9s del triunfo sobre Central C\u00f3rdoba de Santiago del Estero que lo meti\u00f3 en semifinales del Torneo Clausura.<\/li>\n<li>Antes, le dio un apasionado beso a su mujer, la hija de Carlos Bianchi, delante de las c\u00e1maras.<\/li>\n<\/ul>\n<p>\u200bEl entrenador habl\u00f3 en conferencia de prensa despu\u00e9s del triunfo sobre Central C\u00f3rdoba de Santiago del Estero que lo meti\u00f3 en semifinales del Torneo Clausura.Antes, le dio un apasionado beso a su mujer, la hija de Carlos Bianchi, delante de las c\u00e1maras.\u00a0<a href=\"https:\/\/www.clarin.com\/deportes\/eduardo-dominguez-dt-estudiantes-envalentona-medio-escalada-tension-afa-equipo-habla-hablar_0_wjrZUg68Zt.html\" target=\"_blank\" class=\"feedzy-rss-link-icon\">Read More<\/a><\/p>","protected":false},"excerpt":{"rendered":"<p>El entrenador habl\u00f3 en conferencia de prensa despu\u00e9s del triunfo sobre Central C\u00f3rdoba de Santiago&#8230;<\/p>\n","protected":false},"author":1,"featured_media":0,"comment_status":"open","ping_status":"open","sticky":false,"template":"","format":"standard","meta":{"footnotes":""},"categories":[6],"tags":[],"class_list":["post-51011","post","type-post","status-publish","format-standard","has-post-thumbnail","hentry","category-deportes"],"_links":{"self":[{"href":"https:\/\/masquenoticiastucuman.com.ar\/index.php?rest_route=\/wp\/v2\/posts\/51011","targetHints":{"allow":["GET"]}}],"collection":[{"href":"https:\/\/masquenoticiastucuman.com.ar\/index.php?rest_route=\/wp\/v2\/posts"}],"about":[{"href":"https:\/\/masquenoticiastucuman.com.ar\/index.php?rest_route=\/wp\/v2\/types\/post"}],"author":[{"embeddable":true,"href":"https:\/\/masquenoticiastucuman.com.ar\/index.php?rest_route=\/wp\/v2\/users\/1"}],"replies":[{"embeddable":true,"href":"https:\/\/masquenoticiastucuman.com.ar\/index.php?rest_route=%2Fwp%2Fv2%2Fcomments&post=51011"}],"version-history":[{"count":0,"href":"https:\/\/masquenoticiastucuman.com.ar\/index.php?rest_route=\/wp\/v2\/posts\/51011\/revisions"}],"wp:attachment":[{"href":"https:\/\/masquenoticiastucuman.com.ar\/index.php?rest_route=%2Fwp%2Fv2%2Fmedia&parent=51011"}],"wp:term":[{"taxonomy":"category","embeddable":true,"href":"https:\/\/masquenoticiastucuman.com.ar\/index.php?rest_route=%2Fwp%2Fv2%2Fcategories&post=51011"},{"taxonomy":"post_tag","embeddable":true,"href":"https:\/\/masquenoticiastucuman.com.ar\/index.php?rest_route=%2Fwp%2Fv2%2Ftags&post=51011"}],"curies":[{"name":"wp","href":"https:\/\/api.w.org\/{rel}","templated":true}]}}