{"id":51012,"date":"2025-11-30T10:01:39","date_gmt":"2025-11-30T13:01:39","guid":{"rendered":"http:\/\/masquenoticiastucuman.com.ar\/?p=51012"},"modified":"2025-11-30T10:01:39","modified_gmt":"2025-11-30T13:01:39","slug":"babasonicos-aposto-fuerte-antes-de-sus-dos-ferro-lanzo-su-nuevo-album-y-monto-un-local-con-merchandising-exclusivo","status":"publish","type":"post","link":"https:\/\/masquenoticiastucuman.com.ar\/?p=51012","title":{"rendered":"Babas\u00f3nicos apost\u00f3 fuerte antes de sus dos Ferro: lanz\u00f3 su nuevo \u00e1lbum y mont\u00f3 un local con merchandising exclusivo"},"content":{"rendered":"<ul>\n<li>La banda de rock tocar\u00e1 en el estadio de Caballito el s\u00e1bado 6 y domingo 7 de diciembre.<\/li>\n<li>Su flamante \u00e1lbum se titulada &#8220;Cuerpos, vol. 1&#8221;.<\/li>\n<\/ul>\n<p>\u200bLa banda de rock tocar\u00e1 en el estadio de Caballito el s\u00e1bado 6 y domingo 7 de diciembre.Su flamante \u00e1lbum se titulada &#8220;Cuerpos, vol. 1&#8221;.\u00a0<a href=\"https:\/\/www.clarin.com\/espectaculos\/babasonicos-aposto-fuerte-ferro-lanzo-nuevo-album-monto-local-merchandising-exclusivo_0_GRLB4C60o9.html\" target=\"_blank\" class=\"feedzy-rss-link-icon\">Read More<\/a><\/p>","protected":false},"excerpt":{"rendered":"<p>La banda de rock tocar\u00e1 en el estadio de Caballito el s\u00e1bado 6 y domingo&#8230;<\/p>\n","protected":false},"author":1,"featured_media":51013,"comment_status":"open","ping_status":"open","sticky":false,"template":"","format":"standard","meta":{"footnotes":""},"categories":[5],"tags":[],"class_list":["post-51012","post","type-post","status-publish","format-standard","has-post-thumbnail","hentry","category-espectaculo"],"_links":{"self":[{"href":"https:\/\/masquenoticiastucuman.com.ar\/index.php?rest_route=\/wp\/v2\/posts\/51012","targetHints":{"allow":["GET"]}}],"collection":[{"href":"https:\/\/masquenoticiastucuman.com.ar\/index.php?rest_route=\/wp\/v2\/posts"}],"about":[{"href":"https:\/\/masquenoticiastucuman.com.ar\/index.php?rest_route=\/wp\/v2\/types\/post"}],"author":[{"embeddable":true,"href":"https:\/\/masquenoticiastucuman.com.ar\/index.php?rest_route=\/wp\/v2\/users\/1"}],"replies":[{"embeddable":true,"href":"https:\/\/masquenoticiastucuman.com.ar\/index.php?rest_route=%2Fwp%2Fv2%2Fcomments&post=51012"}],"version-history":[{"count":0,"href":"https:\/\/masquenoticiastucuman.com.ar\/index.php?rest_route=\/wp\/v2\/posts\/51012\/revisions"}],"wp:featuredmedia":[{"embeddable":true,"href":"https:\/\/masquenoticiastucuman.com.ar\/index.php?rest_route=\/wp\/v2\/media\/51013"}],"wp:attachment":[{"href":"https:\/\/masquenoticiastucuman.com.ar\/index.php?rest_route=%2Fwp%2Fv2%2Fmedia&parent=51012"}],"wp:term":[{"taxonomy":"category","embeddable":true,"href":"https:\/\/masquenoticiastucuman.com.ar\/index.php?rest_route=%2Fwp%2Fv2%2Fcategories&post=51012"},{"taxonomy":"post_tag","embeddable":true,"href":"https:\/\/masquenoticiastucuman.com.ar\/index.php?rest_route=%2Fwp%2Fv2%2Ftags&post=51012"}],"curies":[{"name":"wp","href":"https:\/\/api.w.org\/{rel}","templated":true}]}}