{"id":51014,"date":"2025-11-30T11:10:52","date_gmt":"2025-11-30T14:10:52","guid":{"rendered":"https:\/\/masquenoticiastucuman.com.ar\/?p=51014"},"modified":"2025-11-30T11:10:53","modified_gmt":"2025-11-30T14:10:53","slug":"allanamiento-y-secuestro-por-un-caso-de-amenazas-con-arma-de-fuego","status":"publish","type":"post","link":"https:\/\/masquenoticiastucuman.com.ar\/?p=51014","title":{"rendered":"Allanamiento y secuestro por un caso de amenazas con arma de fuego"},"content":{"rendered":"\n<p>El denunciante asegur\u00f3 que la agresora suele andar armada y realizando disparos al aire de forma intimidatoria.<\/p>\n\n\n\n<p>Desde la Comisar\u00eda Santa Ana comenzaron tareas de averiguaci\u00f3n que culminaron con un allanamiento y un secuestro.<\/p>\n\n\n\n<p>Un hombre hab\u00eda denunciado a su vecina por amenazarlo de muerte con un rev\u00f3lver para que abandonara el terreno donde se encuentra su casa y, por tal hecho, efectivos policiales comenzaron una pesquisa recolectando testimonios e informaci\u00f3n de relevancia para la causa.<\/p>\n\n\n\n<p>Tras solicitar una orden de allanamiento para el domicilio de la acusada, los servidores p\u00fablicos irrumpieron el lugar, durante la ma\u00f1ana de este s\u00e1bado, hallando una r\u00e9plica de arma que habr\u00eda usado para realizar el delito. Pese a haber sido incautado el elemento usado por la atacante, la Polic\u00eda continuar\u00e1 con la investigaci\u00f3n hasta concluir el caso.<\/p>\n","protected":false},"excerpt":{"rendered":"<p>El denunciante asegur\u00f3 que la agresora suele andar armada y realizando disparos al aire de&#8230;<\/p>\n","protected":false},"author":2,"featured_media":51015,"comment_status":"open","ping_status":"open","sticky":false,"template":"","format":"standard","meta":{"footnotes":""},"categories":[2],"tags":[],"class_list":["post-51014","post","type-post","status-publish","format-standard","has-post-thumbnail","hentry","category-locales"],"_links":{"self":[{"href":"https:\/\/masquenoticiastucuman.com.ar\/index.php?rest_route=\/wp\/v2\/posts\/51014","targetHints":{"allow":["GET"]}}],"collection":[{"href":"https:\/\/masquenoticiastucuman.com.ar\/index.php?rest_route=\/wp\/v2\/posts"}],"about":[{"href":"https:\/\/masquenoticiastucuman.com.ar\/index.php?rest_route=\/wp\/v2\/types\/post"}],"author":[{"embeddable":true,"href":"https:\/\/masquenoticiastucuman.com.ar\/index.php?rest_route=\/wp\/v2\/users\/2"}],"replies":[{"embeddable":true,"href":"https:\/\/masquenoticiastucuman.com.ar\/index.php?rest_route=%2Fwp%2Fv2%2Fcomments&post=51014"}],"version-history":[{"count":1,"href":"https:\/\/masquenoticiastucuman.com.ar\/index.php?rest_route=\/wp\/v2\/posts\/51014\/revisions"}],"predecessor-version":[{"id":51016,"href":"https:\/\/masquenoticiastucuman.com.ar\/index.php?rest_route=\/wp\/v2\/posts\/51014\/revisions\/51016"}],"wp:featuredmedia":[{"embeddable":true,"href":"https:\/\/masquenoticiastucuman.com.ar\/index.php?rest_route=\/wp\/v2\/media\/51015"}],"wp:attachment":[{"href":"https:\/\/masquenoticiastucuman.com.ar\/index.php?rest_route=%2Fwp%2Fv2%2Fmedia&parent=51014"}],"wp:term":[{"taxonomy":"category","embeddable":true,"href":"https:\/\/masquenoticiastucuman.com.ar\/index.php?rest_route=%2Fwp%2Fv2%2Fcategories&post=51014"},{"taxonomy":"post_tag","embeddable":true,"href":"https:\/\/masquenoticiastucuman.com.ar\/index.php?rest_route=%2Fwp%2Fv2%2Ftags&post=51014"}],"curies":[{"name":"wp","href":"https:\/\/api.w.org\/{rel}","templated":true}]}}