{"id":51017,"date":"2025-11-30T11:13:18","date_gmt":"2025-11-30T14:13:18","guid":{"rendered":"https:\/\/masquenoticiastucuman.com.ar\/?p=51017"},"modified":"2025-11-30T11:13:18","modified_gmt":"2025-11-30T14:13:18","slug":"las-vacunas-son-seguras-y-salvan-vidas","status":"publish","type":"post","link":"https:\/\/masquenoticiastucuman.com.ar\/?p=51017","title":{"rendered":"Las vacunas son seguras y salvan vidas"},"content":{"rendered":"\n<p>Antes de ser incorporadas al Calendario, todas las vacunas atraviesan evaluaciones rigurosas que garantizan su calidad, seguridad y efectividad.<\/p>\n\n\n\n<p>Las vacunas del&nbsp;<strong>Calendario Nacional de Vacunaci\u00f3n<\/strong>&nbsp;son herramientas fundamentales de la salud. Cada una de ellas cuenta con d\u00e9cadas de uso seguro, est\u00e1 respaldada por evidencia cient\u00edfica s\u00f3lida y ha demostrado su eficacia para prevenir enfermedades graves y la muerte de millones de personas.<\/p>\n\n\n\n<p>Antes de ser incorporadas al Calendario, todas las vacunas atraviesan evaluaciones rigurosas que garantizan su calidad, seguridad y efectividad. Ese mismo est\u00e1ndar se mantiene a lo largo del tiempo mediante procesos permanentes de control y seguimiento.<\/p>\n\n\n\n<p>La aplicaci\u00f3n efectiva de las vacunas en todo el pa\u00eds es una responsabilidad compartida. Requiere del trabajo coordinado entre el Ministerio de Salud de la Naci\u00f3n, encargado de su adquisici\u00f3n y distribuci\u00f3n, y las provincias y municipios, responsables de la vacunaci\u00f3n de la poblaci\u00f3n. El compromiso que asumimos es com\u00fan, porque proteger a nuestros ni\u00f1os es la prioridad.<\/p>\n\n\n\n<p>Ratificamos as\u00ed nuestra convicci\u00f3n de que la vacunaci\u00f3n es una pol\u00edtica sanitaria indispensable, y reafirmamos nuestro compromiso federal para garantizar que cada persona acceda, de manera gratuita y oportuna, a todas las vacunas del Calendario.<\/p>\n\n\n\n<p>Comunicado conjunto del Ministro de Salud de la Naci\u00f3n y los Ministros de Salud de:<\/p>\n\n\n\n<p>Ciudad Aut\u00f3noma de Buenos Aires<\/p>\n\n\n\n<p>Provincia de Catamarca<\/p>\n\n\n\n<p>Provincia de C\u00f3rdoba<\/p>\n\n\n\n<p>Provincia de Corrientes<\/p>\n\n\n\n<p>Provincia del Chaco<\/p>\n\n\n\n<p>Provincia del Chubut<\/p>\n\n\n\n<p>Provincia de Entre R\u00edos<\/p>\n\n\n\n<p>Provincia de Jujuy<\/p>\n\n\n\n<p>Provincia de La Pampa<\/p>\n\n\n\n<p>Provincia de La Rioja<\/p>\n\n\n\n<p>Provincia de Mendoza<\/p>\n\n\n\n<p>Provincia de Misiones<\/p>\n\n\n\n<p>Provincia del Neuqu\u00e9n<\/p>\n\n\n\n<p>Provincia de R\u00edo Negro<\/p>\n\n\n\n<p>Provincia de Salta<\/p>\n\n\n\n<p>Provincia de San Juan<\/p>\n\n\n\n<p>Provincia de San Luis<\/p>\n\n\n\n<p>Provincia de Santa Cruz<\/p>\n\n\n\n<p>Provincia de Santa Fe<\/p>\n\n\n\n<p>Provincia de Santiago del Estero<\/p>\n\n\n\n<p>Provincia de Tierra del Fuego,<\/p>\n\n\n\n<p>Ant\u00e1rtida e Islas del Atl\u00e1ntico Sur<\/p>\n\n\n\n<p>Provincia de Tucum\u00e1n<\/p>\n","protected":false},"excerpt":{"rendered":"<p>Antes de ser incorporadas al Calendario, todas las vacunas atraviesan evaluaciones rigurosas que garantizan su&#8230;<\/p>\n","protected":false},"author":2,"featured_media":51018,"comment_status":"open","ping_status":"open","sticky":false,"template":"","format":"standard","meta":{"footnotes":""},"categories":[2],"tags":[],"class_list":["post-51017","post","type-post","status-publish","format-standard","has-post-thumbnail","hentry","category-locales"],"_links":{"self":[{"href":"https:\/\/masquenoticiastucuman.com.ar\/index.php?rest_route=\/wp\/v2\/posts\/51017","targetHints":{"allow":["GET"]}}],"collection":[{"href":"https:\/\/masquenoticiastucuman.com.ar\/index.php?rest_route=\/wp\/v2\/posts"}],"about":[{"href":"https:\/\/masquenoticiastucuman.com.ar\/index.php?rest_route=\/wp\/v2\/types\/post"}],"author":[{"embeddable":true,"href":"https:\/\/masquenoticiastucuman.com.ar\/index.php?rest_route=\/wp\/v2\/users\/2"}],"replies":[{"embeddable":true,"href":"https:\/\/masquenoticiastucuman.com.ar\/index.php?rest_route=%2Fwp%2Fv2%2Fcomments&post=51017"}],"version-history":[{"count":1,"href":"https:\/\/masquenoticiastucuman.com.ar\/index.php?rest_route=\/wp\/v2\/posts\/51017\/revisions"}],"predecessor-version":[{"id":51019,"href":"https:\/\/masquenoticiastucuman.com.ar\/index.php?rest_route=\/wp\/v2\/posts\/51017\/revisions\/51019"}],"wp:featuredmedia":[{"embeddable":true,"href":"https:\/\/masquenoticiastucuman.com.ar\/index.php?rest_route=\/wp\/v2\/media\/51018"}],"wp:attachment":[{"href":"https:\/\/masquenoticiastucuman.com.ar\/index.php?rest_route=%2Fwp%2Fv2%2Fmedia&parent=51017"}],"wp:term":[{"taxonomy":"category","embeddable":true,"href":"https:\/\/masquenoticiastucuman.com.ar\/index.php?rest_route=%2Fwp%2Fv2%2Fcategories&post=51017"},{"taxonomy":"post_tag","embeddable":true,"href":"https:\/\/masquenoticiastucuman.com.ar\/index.php?rest_route=%2Fwp%2Fv2%2Ftags&post=51017"}],"curies":[{"name":"wp","href":"https:\/\/api.w.org\/{rel}","templated":true}]}}