{"id":51022,"date":"2025-11-30T10:26:04","date_gmt":"2025-11-30T13:26:04","guid":{"rendered":"http:\/\/masquenoticiastucuman.com.ar\/?p=51022"},"modified":"2025-11-30T10:26:04","modified_gmt":"2025-11-30T13:26:04","slug":"bloqueo-de-trump-al-espacio-aereo-venezuela-anuncia-un-plan-especial-para-el-regreso-de-sus-ciudadanos-y-ya-desvian-vuelos","status":"publish","type":"post","link":"https:\/\/masquenoticiastucuman.com.ar\/?p=51022","title":{"rendered":"Bloqueo de Trump al espacio a\u00e9reo: Venezuela anuncia un &#8220;plan especial&#8221; para el regreso de sus ciudadanos y ya desv\u00edan vuelos"},"content":{"rendered":"<ul>\n<li>En plena escalada del conflicto, el Gobierno de Maduro intenta garantizar la entrada y salida del pa\u00eds de los ciudadanos afectados.<\/li>\n<li>Uno de los mayores operadores tur\u00edsticos de Rusia ya env\u00edan a sus pasajeros a Cuba.<\/li>\n<\/ul>\n<p>\u200bEn plena escalada del conflicto, el Gobierno de Maduro intenta garantizar la entrada y salida del pa\u00eds de los ciudadanos afectados.Uno de los mayores operadores tur\u00edsticos de Rusia ya env\u00edan a sus pasajeros a Cuba.\u00a0<a href=\"https:\/\/www.clarin.com\/mundo\/bloqueo-trump-espacio-aereo-venezuela-anuncia-plan-especial-regreso-ciudadanos-desvian-vuelos_0_ngv4udBjHb.html\" target=\"_blank\" class=\"feedzy-rss-link-icon\">Read More<\/a><\/p>","protected":false},"excerpt":{"rendered":"<p>En plena escalada del conflicto, el Gobierno de Maduro intenta garantizar la entrada y salida&#8230;<\/p>\n","protected":false},"author":1,"featured_media":51023,"comment_status":"open","ping_status":"open","sticky":false,"template":"","format":"standard","meta":{"footnotes":""},"categories":[4],"tags":[],"class_list":["post-51022","post","type-post","status-publish","format-standard","has-post-thumbnail","hentry","category-internacionales"],"_links":{"self":[{"href":"https:\/\/masquenoticiastucuman.com.ar\/index.php?rest_route=\/wp\/v2\/posts\/51022","targetHints":{"allow":["GET"]}}],"collection":[{"href":"https:\/\/masquenoticiastucuman.com.ar\/index.php?rest_route=\/wp\/v2\/posts"}],"about":[{"href":"https:\/\/masquenoticiastucuman.com.ar\/index.php?rest_route=\/wp\/v2\/types\/post"}],"author":[{"embeddable":true,"href":"https:\/\/masquenoticiastucuman.com.ar\/index.php?rest_route=\/wp\/v2\/users\/1"}],"replies":[{"embeddable":true,"href":"https:\/\/masquenoticiastucuman.com.ar\/index.php?rest_route=%2Fwp%2Fv2%2Fcomments&post=51022"}],"version-history":[{"count":0,"href":"https:\/\/masquenoticiastucuman.com.ar\/index.php?rest_route=\/wp\/v2\/posts\/51022\/revisions"}],"wp:featuredmedia":[{"embeddable":true,"href":"https:\/\/masquenoticiastucuman.com.ar\/index.php?rest_route=\/wp\/v2\/media\/51023"}],"wp:attachment":[{"href":"https:\/\/masquenoticiastucuman.com.ar\/index.php?rest_route=%2Fwp%2Fv2%2Fmedia&parent=51022"}],"wp:term":[{"taxonomy":"category","embeddable":true,"href":"https:\/\/masquenoticiastucuman.com.ar\/index.php?rest_route=%2Fwp%2Fv2%2Fcategories&post=51022"},{"taxonomy":"post_tag","embeddable":true,"href":"https:\/\/masquenoticiastucuman.com.ar\/index.php?rest_route=%2Fwp%2Fv2%2Ftags&post=51022"}],"curies":[{"name":"wp","href":"https:\/\/api.w.org\/{rel}","templated":true}]}}