{"id":51024,"date":"2025-11-30T12:07:17","date_gmt":"2025-11-30T15:07:17","guid":{"rendered":"http:\/\/masquenoticiastucuman.com.ar\/?p=51024"},"modified":"2025-11-30T12:07:17","modified_gmt":"2025-11-30T15:07:17","slug":"miles-de-espanoles-convocados-por-el-pp-pidieron-la-renuncia-de-pedro-sanchez-en-madrid","status":"publish","type":"post","link":"https:\/\/masquenoticiastucuman.com.ar\/?p=51024","title":{"rendered":"Miles de espa\u00f1oles convocados por el PP pidieron la renuncia de Pedro S\u00e1nchez en Madrid"},"content":{"rendered":"<ul>\n<li>Seg\u00fan los organizadores, hubo 80 mil personas.<\/li>\n<li>\u201cEl sanchismo est\u00e1 en la c\u00e1rcel y tiene que salir del gobierno\u201d, dijo N\u00fa\u00f1ez Feij\u00f3o.<\/li>\n<\/ul>\n<p>\u200bSeg\u00fan los organizadores, hubo 80 mil personas.\u201cEl sanchismo est\u00e1 en la c\u00e1rcel y tiene que salir del gobierno\u201d, dijo N\u00fa\u00f1ez Feij\u00f3o.\u00a0<a href=\"https:\/\/www.clarin.com\/mundo\/miles-espanoles-convocados-pp-pidieron-renuncia-pedro-sanchez-madrid_0_uClx8nV8eD.html\" target=\"_blank\" class=\"feedzy-rss-link-icon\">Read More<\/a><\/p>","protected":false},"excerpt":{"rendered":"<p>Seg\u00fan los organizadores, hubo 80 mil personas. \u201cEl sanchismo est\u00e1 en la c\u00e1rcel y tiene&#8230;<\/p>\n","protected":false},"author":1,"featured_media":51025,"comment_status":"open","ping_status":"open","sticky":false,"template":"","format":"standard","meta":{"footnotes":""},"categories":[4],"tags":[],"class_list":["post-51024","post","type-post","status-publish","format-standard","has-post-thumbnail","hentry","category-internacionales"],"_links":{"self":[{"href":"https:\/\/masquenoticiastucuman.com.ar\/index.php?rest_route=\/wp\/v2\/posts\/51024","targetHints":{"allow":["GET"]}}],"collection":[{"href":"https:\/\/masquenoticiastucuman.com.ar\/index.php?rest_route=\/wp\/v2\/posts"}],"about":[{"href":"https:\/\/masquenoticiastucuman.com.ar\/index.php?rest_route=\/wp\/v2\/types\/post"}],"author":[{"embeddable":true,"href":"https:\/\/masquenoticiastucuman.com.ar\/index.php?rest_route=\/wp\/v2\/users\/1"}],"replies":[{"embeddable":true,"href":"https:\/\/masquenoticiastucuman.com.ar\/index.php?rest_route=%2Fwp%2Fv2%2Fcomments&post=51024"}],"version-history":[{"count":0,"href":"https:\/\/masquenoticiastucuman.com.ar\/index.php?rest_route=\/wp\/v2\/posts\/51024\/revisions"}],"wp:featuredmedia":[{"embeddable":true,"href":"https:\/\/masquenoticiastucuman.com.ar\/index.php?rest_route=\/wp\/v2\/media\/51025"}],"wp:attachment":[{"href":"https:\/\/masquenoticiastucuman.com.ar\/index.php?rest_route=%2Fwp%2Fv2%2Fmedia&parent=51024"}],"wp:term":[{"taxonomy":"category","embeddable":true,"href":"https:\/\/masquenoticiastucuman.com.ar\/index.php?rest_route=%2Fwp%2Fv2%2Fcategories&post=51024"},{"taxonomy":"post_tag","embeddable":true,"href":"https:\/\/masquenoticiastucuman.com.ar\/index.php?rest_route=%2Fwp%2Fv2%2Ftags&post=51024"}],"curies":[{"name":"wp","href":"https:\/\/api.w.org\/{rel}","templated":true}]}}