{"id":51029,"date":"2025-11-30T12:13:49","date_gmt":"2025-11-30T15:13:49","guid":{"rendered":"http:\/\/masquenoticiastucuman.com.ar\/?p=51029"},"modified":"2025-11-30T12:13:49","modified_gmt":"2025-11-30T15:13:49","slug":"sebastian-yatra-llega-a-masterchef-celebrity-en-una-noche-de-sabores-colombianos","status":"publish","type":"post","link":"https:\/\/masquenoticiastucuman.com.ar\/?p=51029","title":{"rendered":"Sebasti\u00e1n Yatra llega a MasterChef Celebrity en una noche de sabores colombianos"},"content":{"rendered":"<ul>\n<li>El cantante ser\u00e1 el invitado estelar del episodio dedicado a la gastronom\u00eda de su pa\u00eds.<\/li>\n<li>Evaluar\u00e1 ajiacos, patacones y arepas preparados por los participantes.<\/li>\n<\/ul>\n<p>\u200bEl cantante ser\u00e1 el invitado estelar del episodio dedicado a la gastronom\u00eda de su pa\u00eds.Evaluar\u00e1 ajiacos, patacones y arepas preparados por los participantes.\u00a0<a href=\"https:\/\/www.clarin.com\/espectaculos\/sebastian-yatra-llega-masterchef-celebrity-noche-sabores-colombianos_0_XLRjXiuN1K.html\" target=\"_blank\" class=\"feedzy-rss-link-icon\">Read More<\/a><\/p>","protected":false},"excerpt":{"rendered":"<p>El cantante ser\u00e1 el invitado estelar del episodio dedicado a la gastronom\u00eda de su pa\u00eds&#8230;.<\/p>\n","protected":false},"author":1,"featured_media":51030,"comment_status":"open","ping_status":"open","sticky":false,"template":"","format":"standard","meta":{"footnotes":""},"categories":[5],"tags":[],"class_list":["post-51029","post","type-post","status-publish","format-standard","has-post-thumbnail","hentry","category-espectaculo"],"_links":{"self":[{"href":"https:\/\/masquenoticiastucuman.com.ar\/index.php?rest_route=\/wp\/v2\/posts\/51029","targetHints":{"allow":["GET"]}}],"collection":[{"href":"https:\/\/masquenoticiastucuman.com.ar\/index.php?rest_route=\/wp\/v2\/posts"}],"about":[{"href":"https:\/\/masquenoticiastucuman.com.ar\/index.php?rest_route=\/wp\/v2\/types\/post"}],"author":[{"embeddable":true,"href":"https:\/\/masquenoticiastucuman.com.ar\/index.php?rest_route=\/wp\/v2\/users\/1"}],"replies":[{"embeddable":true,"href":"https:\/\/masquenoticiastucuman.com.ar\/index.php?rest_route=%2Fwp%2Fv2%2Fcomments&post=51029"}],"version-history":[{"count":0,"href":"https:\/\/masquenoticiastucuman.com.ar\/index.php?rest_route=\/wp\/v2\/posts\/51029\/revisions"}],"wp:featuredmedia":[{"embeddable":true,"href":"https:\/\/masquenoticiastucuman.com.ar\/index.php?rest_route=\/wp\/v2\/media\/51030"}],"wp:attachment":[{"href":"https:\/\/masquenoticiastucuman.com.ar\/index.php?rest_route=%2Fwp%2Fv2%2Fmedia&parent=51029"}],"wp:term":[{"taxonomy":"category","embeddable":true,"href":"https:\/\/masquenoticiastucuman.com.ar\/index.php?rest_route=%2Fwp%2Fv2%2Fcategories&post=51029"},{"taxonomy":"post_tag","embeddable":true,"href":"https:\/\/masquenoticiastucuman.com.ar\/index.php?rest_route=%2Fwp%2Fv2%2Ftags&post=51029"}],"curies":[{"name":"wp","href":"https:\/\/api.w.org\/{rel}","templated":true}]}}