{"id":51033,"date":"2025-11-30T14:31:23","date_gmt":"2025-11-30T17:31:23","guid":{"rendered":"http:\/\/masquenoticiastucuman.com.ar\/?p=51033"},"modified":"2025-11-30T14:31:23","modified_gmt":"2025-11-30T17:31:23","slug":"asi-quedo-la-tabla-de-posiciones-de-la-formula-1-verstappen-gano-en-qatar-y-que-necesita-para-ser-campeon-contra-norris-y-piastri","status":"publish","type":"post","link":"https:\/\/masquenoticiastucuman.com.ar\/?p=51033","title":{"rendered":"As\u00ed qued\u00f3 la tabla de posiciones de la F\u00f3rmula 1: Verstappen gan\u00f3 en Qatar y qu\u00e9 necesita para ser campe\u00f3n contra Norris y Piastri"},"content":{"rendered":"<ul>\n<li>Los McLaren fallaron en la estrategia en Qatar y todo se definir\u00e1 en la \u00faltima fecha del pr\u00f3ximo fin de semana en Abu Dhabi.<\/li>\n<li>El neerland\u00e9s quiere consumar una remontada hist\u00f3rica.<\/li>\n<\/ul>\n<p>\u200bLos McLaren fallaron en la estrategia en Qatar y todo se definir\u00e1 en la \u00faltima fecha del pr\u00f3ximo fin de semana en Abu Dhabi.El neerland\u00e9s quiere consumar una remontada hist\u00f3rica.\u00a0<a href=\"https:\/\/www.clarin.com\/deportes\/quedo-tabla-posiciones-formula-1-verstappen-gano-qatar-necesita-campeon-norris-piastri_0_h1uRLiILVV.html\" target=\"_blank\" class=\"feedzy-rss-link-icon\">Read More<\/a><\/p>","protected":false},"excerpt":{"rendered":"<p>Los McLaren fallaron en la estrategia en Qatar y todo se definir\u00e1 en la \u00faltima&#8230;<\/p>\n","protected":false},"author":1,"featured_media":0,"comment_status":"open","ping_status":"open","sticky":false,"template":"","format":"standard","meta":{"footnotes":""},"categories":[6],"tags":[],"class_list":["post-51033","post","type-post","status-publish","format-standard","has-post-thumbnail","hentry","category-deportes"],"_links":{"self":[{"href":"https:\/\/masquenoticiastucuman.com.ar\/index.php?rest_route=\/wp\/v2\/posts\/51033","targetHints":{"allow":["GET"]}}],"collection":[{"href":"https:\/\/masquenoticiastucuman.com.ar\/index.php?rest_route=\/wp\/v2\/posts"}],"about":[{"href":"https:\/\/masquenoticiastucuman.com.ar\/index.php?rest_route=\/wp\/v2\/types\/post"}],"author":[{"embeddable":true,"href":"https:\/\/masquenoticiastucuman.com.ar\/index.php?rest_route=\/wp\/v2\/users\/1"}],"replies":[{"embeddable":true,"href":"https:\/\/masquenoticiastucuman.com.ar\/index.php?rest_route=%2Fwp%2Fv2%2Fcomments&post=51033"}],"version-history":[{"count":0,"href":"https:\/\/masquenoticiastucuman.com.ar\/index.php?rest_route=\/wp\/v2\/posts\/51033\/revisions"}],"wp:attachment":[{"href":"https:\/\/masquenoticiastucuman.com.ar\/index.php?rest_route=%2Fwp%2Fv2%2Fmedia&parent=51033"}],"wp:term":[{"taxonomy":"category","embeddable":true,"href":"https:\/\/masquenoticiastucuman.com.ar\/index.php?rest_route=%2Fwp%2Fv2%2Fcategories&post=51033"},{"taxonomy":"post_tag","embeddable":true,"href":"https:\/\/masquenoticiastucuman.com.ar\/index.php?rest_route=%2Fwp%2Fv2%2Ftags&post=51033"}],"curies":[{"name":"wp","href":"https:\/\/api.w.org\/{rel}","templated":true}]}}