{"id":51034,"date":"2025-11-30T13:01:40","date_gmt":"2025-11-30T16:01:40","guid":{"rendered":"http:\/\/masquenoticiastucuman.com.ar\/?p=51034"},"modified":"2025-11-30T13:01:40","modified_gmt":"2025-11-30T16:01:40","slug":"tres-piezas-experimentales-que-enlazan-el-piano-y-la-voz-hablada-cierran-la-temporada-del-colon-contemporaneo","status":"publish","type":"post","link":"https:\/\/masquenoticiastucuman.com.ar\/?p=51034","title":{"rendered":"Tres piezas experimentales que enlazan el piano y la voz hablada cierran la temporada del Col\u00f3n Contempor\u00e1neo"},"content":{"rendered":"<ul>\n<li>Ser\u00e1 una selecci\u00f3n del ciclo &#8220;Voices &amp; Piano&#8221;, de Peter Ablinger, una obra para piano y el registro de voces habladas de figuras hist\u00f3ricas y personalidades de la cultura.<\/li>\n<li>La funci\u00f3n se llevar\u00e1 a cabo este martes 2 a las 20 horas.<\/li>\n<\/ul>\n<p>\u200bSer\u00e1 una selecci\u00f3n del ciclo &#8220;Voices &amp; Piano&#8221;, de Peter Ablinger, una obra para piano y el registro de voces habladas de figuras hist\u00f3ricas y personalidades de la cultura.La funci\u00f3n se llevar\u00e1 a cabo este martes 2 a las 20 horas.\u00a0<a href=\"https:\/\/www.clarin.com\/espectaculos\/piezas-experimentales-enlazan-piano-voz-hablada-cierran-temporada-colon-contemporaneo_0_2R2VyoS902.html\" target=\"_blank\" class=\"feedzy-rss-link-icon\">Read More<\/a><\/p>","protected":false},"excerpt":{"rendered":"<p>Ser\u00e1 una selecci\u00f3n del ciclo &#8220;Voices &amp; Piano&#8221;, de Peter Ablinger, una obra para piano&#8230;<\/p>\n","protected":false},"author":1,"featured_media":51035,"comment_status":"open","ping_status":"open","sticky":false,"template":"","format":"standard","meta":{"footnotes":""},"categories":[5],"tags":[],"class_list":["post-51034","post","type-post","status-publish","format-standard","has-post-thumbnail","hentry","category-espectaculo"],"_links":{"self":[{"href":"https:\/\/masquenoticiastucuman.com.ar\/index.php?rest_route=\/wp\/v2\/posts\/51034","targetHints":{"allow":["GET"]}}],"collection":[{"href":"https:\/\/masquenoticiastucuman.com.ar\/index.php?rest_route=\/wp\/v2\/posts"}],"about":[{"href":"https:\/\/masquenoticiastucuman.com.ar\/index.php?rest_route=\/wp\/v2\/types\/post"}],"author":[{"embeddable":true,"href":"https:\/\/masquenoticiastucuman.com.ar\/index.php?rest_route=\/wp\/v2\/users\/1"}],"replies":[{"embeddable":true,"href":"https:\/\/masquenoticiastucuman.com.ar\/index.php?rest_route=%2Fwp%2Fv2%2Fcomments&post=51034"}],"version-history":[{"count":0,"href":"https:\/\/masquenoticiastucuman.com.ar\/index.php?rest_route=\/wp\/v2\/posts\/51034\/revisions"}],"wp:featuredmedia":[{"embeddable":true,"href":"https:\/\/masquenoticiastucuman.com.ar\/index.php?rest_route=\/wp\/v2\/media\/51035"}],"wp:attachment":[{"href":"https:\/\/masquenoticiastucuman.com.ar\/index.php?rest_route=%2Fwp%2Fv2%2Fmedia&parent=51034"}],"wp:term":[{"taxonomy":"category","embeddable":true,"href":"https:\/\/masquenoticiastucuman.com.ar\/index.php?rest_route=%2Fwp%2Fv2%2Fcategories&post=51034"},{"taxonomy":"post_tag","embeddable":true,"href":"https:\/\/masquenoticiastucuman.com.ar\/index.php?rest_route=%2Fwp%2Fv2%2Ftags&post=51034"}],"curies":[{"name":"wp","href":"https:\/\/api.w.org\/{rel}","templated":true}]}}