{"id":51038,"date":"2025-11-30T14:41:29","date_gmt":"2025-11-30T17:41:29","guid":{"rendered":"http:\/\/masquenoticiastucuman.com.ar\/?p=51038"},"modified":"2025-11-30T14:41:29","modified_gmt":"2025-11-30T17:41:29","slug":"en-libano-el-papa-leon-xiv-reitero-su-apoyo-a-la-solucion-de-dos-estados-uno-israeli-y-otro-palestino","status":"publish","type":"post","link":"https:\/\/masquenoticiastucuman.com.ar\/?p=51038","title":{"rendered":"En L\u00edbano, el papa Le\u00f3n XIV reiter\u00f3 su apoyo a la soluci\u00f3n de dos Estados, uno israel\u00ed y otro palestino"},"content":{"rendered":"<ul>\n<li>Llev\u00f3 un mensaje de esperanza al pueblo de 5.800.000 habitantes, castigado por la violencia y las crisis econ\u00f3micas. <\/li>\n<li>Los cristianos forman la tercera parte y son una comunidad baluarte importante en el Medio Oriente, que esperaba con ansiedad la presencia del pont\u00edfice, que regresar\u00e1 a Roma el martes.<\/li>\n<\/ul>\n<p>\u200bLlev\u00f3 un mensaje de esperanza al pueblo de 5.800.000 habitantes, castigado por la violencia y las crisis econ\u00f3micas. Los cristianos forman la tercera parte y son una comunidad baluarte importante en el Medio Oriente, que esperaba con ansiedad la presencia del pont\u00edfice, que regresar\u00e1 a Roma el martes.\u00a0<a href=\"https:\/\/www.clarin.com\/mundo\/libano-papa-leon-xiv-reitero-apoyo-solucion-estados-israeli-palestino_0_XLkRFd5I8z.html\" target=\"_blank\" class=\"feedzy-rss-link-icon\">Read More<\/a><\/p>","protected":false},"excerpt":{"rendered":"<p>Llev\u00f3 un mensaje de esperanza al pueblo de 5.800.000 habitantes, castigado por la violencia y&#8230;<\/p>\n","protected":false},"author":1,"featured_media":51039,"comment_status":"open","ping_status":"open","sticky":false,"template":"","format":"standard","meta":{"footnotes":""},"categories":[4],"tags":[],"class_list":["post-51038","post","type-post","status-publish","format-standard","has-post-thumbnail","hentry","category-internacionales"],"_links":{"self":[{"href":"https:\/\/masquenoticiastucuman.com.ar\/index.php?rest_route=\/wp\/v2\/posts\/51038","targetHints":{"allow":["GET"]}}],"collection":[{"href":"https:\/\/masquenoticiastucuman.com.ar\/index.php?rest_route=\/wp\/v2\/posts"}],"about":[{"href":"https:\/\/masquenoticiastucuman.com.ar\/index.php?rest_route=\/wp\/v2\/types\/post"}],"author":[{"embeddable":true,"href":"https:\/\/masquenoticiastucuman.com.ar\/index.php?rest_route=\/wp\/v2\/users\/1"}],"replies":[{"embeddable":true,"href":"https:\/\/masquenoticiastucuman.com.ar\/index.php?rest_route=%2Fwp%2Fv2%2Fcomments&post=51038"}],"version-history":[{"count":0,"href":"https:\/\/masquenoticiastucuman.com.ar\/index.php?rest_route=\/wp\/v2\/posts\/51038\/revisions"}],"wp:featuredmedia":[{"embeddable":true,"href":"https:\/\/masquenoticiastucuman.com.ar\/index.php?rest_route=\/wp\/v2\/media\/51039"}],"wp:attachment":[{"href":"https:\/\/masquenoticiastucuman.com.ar\/index.php?rest_route=%2Fwp%2Fv2%2Fmedia&parent=51038"}],"wp:term":[{"taxonomy":"category","embeddable":true,"href":"https:\/\/masquenoticiastucuman.com.ar\/index.php?rest_route=%2Fwp%2Fv2%2Fcategories&post=51038"},{"taxonomy":"post_tag","embeddable":true,"href":"https:\/\/masquenoticiastucuman.com.ar\/index.php?rest_route=%2Fwp%2Fv2%2Ftags&post=51038"}],"curies":[{"name":"wp","href":"https:\/\/api.w.org\/{rel}","templated":true}]}}