{"id":51040,"date":"2025-11-30T15:37:07","date_gmt":"2025-11-30T18:37:07","guid":{"rendered":"http:\/\/masquenoticiastucuman.com.ar\/?p=51040"},"modified":"2025-11-30T15:37:07","modified_gmt":"2025-11-30T18:37:07","slug":"franco-colapinto-y-una-ironica-reflexion-tras-un-prolijo-desempeno-en-el-gp-de-qatar-lo-positivo-es-que-queda-una-sola-carrera","status":"publish","type":"post","link":"https:\/\/masquenoticiastucuman.com.ar\/?p=51040","title":{"rendered":"Franco Colapinto y una ir\u00f3nica reflexi\u00f3n tras un prolijo desempe\u00f1o en el GP de Qatar: &#8220;Lo positivo es que queda una sola carrera&#8221;"},"content":{"rendered":"<ul>\n<li>El piloto argentino parti\u00f3 desde los pits por arreglos en el Alpine y lleg\u00f3 en el puesto 14\u00b0.<\/li>\n<li>Mir\u00e1 lo que dijo el pilarense.<\/li>\n<\/ul>\n<p>\u200bEl piloto argentino parti\u00f3 desde los pits por arreglos en el Alpine y lleg\u00f3 en el puesto 14\u00b0.Mir\u00e1 lo que dijo el pilarense.\u00a0<a href=\"https:\/\/www.clarin.com\/deportes\/franco-colapinto-ironica-reflexion-prolijo-desempeno-gp-qatar-positivo-queda-sola-carrera_0_hqnxKyhDMQ.html\" target=\"_blank\" class=\"feedzy-rss-link-icon\">Read More<\/a><\/p>","protected":false},"excerpt":{"rendered":"<p>El piloto argentino parti\u00f3 desde los pits por arreglos en el Alpine y lleg\u00f3 en&#8230;<\/p>\n","protected":false},"author":1,"featured_media":0,"comment_status":"open","ping_status":"open","sticky":false,"template":"","format":"standard","meta":{"footnotes":""},"categories":[6],"tags":[],"class_list":["post-51040","post","type-post","status-publish","format-standard","has-post-thumbnail","hentry","category-deportes"],"_links":{"self":[{"href":"https:\/\/masquenoticiastucuman.com.ar\/index.php?rest_route=\/wp\/v2\/posts\/51040","targetHints":{"allow":["GET"]}}],"collection":[{"href":"https:\/\/masquenoticiastucuman.com.ar\/index.php?rest_route=\/wp\/v2\/posts"}],"about":[{"href":"https:\/\/masquenoticiastucuman.com.ar\/index.php?rest_route=\/wp\/v2\/types\/post"}],"author":[{"embeddable":true,"href":"https:\/\/masquenoticiastucuman.com.ar\/index.php?rest_route=\/wp\/v2\/users\/1"}],"replies":[{"embeddable":true,"href":"https:\/\/masquenoticiastucuman.com.ar\/index.php?rest_route=%2Fwp%2Fv2%2Fcomments&post=51040"}],"version-history":[{"count":0,"href":"https:\/\/masquenoticiastucuman.com.ar\/index.php?rest_route=\/wp\/v2\/posts\/51040\/revisions"}],"wp:attachment":[{"href":"https:\/\/masquenoticiastucuman.com.ar\/index.php?rest_route=%2Fwp%2Fv2%2Fmedia&parent=51040"}],"wp:term":[{"taxonomy":"category","embeddable":true,"href":"https:\/\/masquenoticiastucuman.com.ar\/index.php?rest_route=%2Fwp%2Fv2%2Fcategories&post=51040"},{"taxonomy":"post_tag","embeddable":true,"href":"https:\/\/masquenoticiastucuman.com.ar\/index.php?rest_route=%2Fwp%2Fv2%2Ftags&post=51040"}],"curies":[{"name":"wp","href":"https:\/\/api.w.org\/{rel}","templated":true}]}}