{"id":51043,"date":"2025-11-30T16:52:36","date_gmt":"2025-11-30T19:52:36","guid":{"rendered":"http:\/\/masquenoticiastucuman.com.ar\/?p=51043"},"modified":"2025-11-30T16:52:36","modified_gmt":"2025-11-30T19:52:36","slug":"elecciones-en-honduras-2025-en-vivo-los-candidatos-los-primeros-resultados-y-todas-las-novedades-de-los-comicios-presidenciales","status":"publish","type":"post","link":"https:\/\/masquenoticiastucuman.com.ar\/?p=51043","title":{"rendered":"Elecciones en Honduras 2025, EN VIVO: los candidatos, los primeros resultados y todas las novedades de los comicios presidenciales"},"content":{"rendered":"<ul>\n<li>Honduras vota presidente en una elecci\u00f3n que definir\u00e1 si el pa\u00eds contin\u00faa con un gobierno de izquierda o da un giro a la derecha. <\/li>\n<li>Segu\u00ed todas las novedades minuto a minuto en Clar\u00edn.<\/li>\n<\/ul>\n<p>\u200bHonduras vota presidente en una elecci\u00f3n que definir\u00e1 si el pa\u00eds contin\u00faa con un gobierno de izquierda o da un giro a la derecha. Segu\u00ed todas las novedades minuto a minuto en Clar\u00edn.\u00a0<a href=\"https:\/\/www.clarin.com\/mundo\/elecciones-honduras-2025-vivo-candidatos-primeros-resultados-todas-novedades-comicios-presidenciales_0_G5yWXPGkXP.html\" target=\"_blank\" class=\"feedzy-rss-link-icon\">Read More<\/a><\/p>","protected":false},"excerpt":{"rendered":"<p>Honduras vota presidente en una elecci\u00f3n que definir\u00e1 si el pa\u00eds contin\u00faa con un gobierno&#8230;<\/p>\n","protected":false},"author":1,"featured_media":51044,"comment_status":"open","ping_status":"open","sticky":false,"template":"","format":"standard","meta":{"footnotes":""},"categories":[4],"tags":[],"class_list":["post-51043","post","type-post","status-publish","format-standard","has-post-thumbnail","hentry","category-internacionales"],"_links":{"self":[{"href":"https:\/\/masquenoticiastucuman.com.ar\/index.php?rest_route=\/wp\/v2\/posts\/51043","targetHints":{"allow":["GET"]}}],"collection":[{"href":"https:\/\/masquenoticiastucuman.com.ar\/index.php?rest_route=\/wp\/v2\/posts"}],"about":[{"href":"https:\/\/masquenoticiastucuman.com.ar\/index.php?rest_route=\/wp\/v2\/types\/post"}],"author":[{"embeddable":true,"href":"https:\/\/masquenoticiastucuman.com.ar\/index.php?rest_route=\/wp\/v2\/users\/1"}],"replies":[{"embeddable":true,"href":"https:\/\/masquenoticiastucuman.com.ar\/index.php?rest_route=%2Fwp%2Fv2%2Fcomments&post=51043"}],"version-history":[{"count":0,"href":"https:\/\/masquenoticiastucuman.com.ar\/index.php?rest_route=\/wp\/v2\/posts\/51043\/revisions"}],"wp:featuredmedia":[{"embeddable":true,"href":"https:\/\/masquenoticiastucuman.com.ar\/index.php?rest_route=\/wp\/v2\/media\/51044"}],"wp:attachment":[{"href":"https:\/\/masquenoticiastucuman.com.ar\/index.php?rest_route=%2Fwp%2Fv2%2Fmedia&parent=51043"}],"wp:term":[{"taxonomy":"category","embeddable":true,"href":"https:\/\/masquenoticiastucuman.com.ar\/index.php?rest_route=%2Fwp%2Fv2%2Fcategories&post=51043"},{"taxonomy":"post_tag","embeddable":true,"href":"https:\/\/masquenoticiastucuman.com.ar\/index.php?rest_route=%2Fwp%2Fv2%2Ftags&post=51043"}],"curies":[{"name":"wp","href":"https:\/\/api.w.org\/{rel}","templated":true}]}}