{"id":51045,"date":"2025-11-30T17:02:49","date_gmt":"2025-11-30T20:02:49","guid":{"rendered":"http:\/\/masquenoticiastucuman.com.ar\/?p=51045"},"modified":"2025-11-30T17:02:49","modified_gmt":"2025-11-30T20:02:49","slug":"locura-en-rio-de-janeiro-tras-el-titulo-de-flamengo-del-bano-de-masas-celebrar-la-libertadores-a-los-gases-de-la-policia-contra-los-hinchas","status":"publish","type":"post","link":"https:\/\/masquenoticiastucuman.com.ar\/?p=51045","title":{"rendered":"Locura en R\u00edo de Janeiro tras el t\u00edtulo de Flamengo: del ba\u00f1o de masas celebrar la Libertadores a los gases de la polic\u00eda contra los hinchas"},"content":{"rendered":"<ul>\n<li>El Meng\u00e3o celebr\u00f3 el tetracampeonato de la Libertadores de Am\u00e9rica en el centro de la ciudad.<\/li>\n<li>Ante 500 mil personas, los jugadores se pasearon con la copa por el centro de la Ciudad.<\/li>\n<li>Sobre el final, la polic\u00eda reprimi\u00f3 a los torcedores con gases.<\/li>\n<\/ul>\n<p>\u200bEl Meng\u00e3o celebr\u00f3 el tetracampeonato de la Libertadores de Am\u00e9rica en el centro de la ciudad.Ante 500 mil personas, los jugadores se pasearon con la copa por el centro de la Ciudad.Sobre el final, la polic\u00eda reprimi\u00f3 a los torcedores con gases.\u00a0<a href=\"https:\/\/www.clarin.com\/deportes\/locura-rio-janeiro-titulo-flamengo-bano-masas-celebrar-libertadores-gases-policia-hinchas_0_2Y57yTzkPG.html\" target=\"_blank\" class=\"feedzy-rss-link-icon\">Read More<\/a><\/p>","protected":false},"excerpt":{"rendered":"<p>El Meng\u00e3o celebr\u00f3 el tetracampeonato de la Libertadores de Am\u00e9rica en el centro de la&#8230;<\/p>\n","protected":false},"author":1,"featured_media":0,"comment_status":"open","ping_status":"open","sticky":false,"template":"","format":"standard","meta":{"footnotes":""},"categories":[6],"tags":[],"class_list":["post-51045","post","type-post","status-publish","format-standard","has-post-thumbnail","hentry","category-deportes"],"_links":{"self":[{"href":"https:\/\/masquenoticiastucuman.com.ar\/index.php?rest_route=\/wp\/v2\/posts\/51045","targetHints":{"allow":["GET"]}}],"collection":[{"href":"https:\/\/masquenoticiastucuman.com.ar\/index.php?rest_route=\/wp\/v2\/posts"}],"about":[{"href":"https:\/\/masquenoticiastucuman.com.ar\/index.php?rest_route=\/wp\/v2\/types\/post"}],"author":[{"embeddable":true,"href":"https:\/\/masquenoticiastucuman.com.ar\/index.php?rest_route=\/wp\/v2\/users\/1"}],"replies":[{"embeddable":true,"href":"https:\/\/masquenoticiastucuman.com.ar\/index.php?rest_route=%2Fwp%2Fv2%2Fcomments&post=51045"}],"version-history":[{"count":0,"href":"https:\/\/masquenoticiastucuman.com.ar\/index.php?rest_route=\/wp\/v2\/posts\/51045\/revisions"}],"wp:attachment":[{"href":"https:\/\/masquenoticiastucuman.com.ar\/index.php?rest_route=%2Fwp%2Fv2%2Fmedia&parent=51045"}],"wp:term":[{"taxonomy":"category","embeddable":true,"href":"https:\/\/masquenoticiastucuman.com.ar\/index.php?rest_route=%2Fwp%2Fv2%2Fcategories&post=51045"},{"taxonomy":"post_tag","embeddable":true,"href":"https:\/\/masquenoticiastucuman.com.ar\/index.php?rest_route=%2Fwp%2Fv2%2Ftags&post=51045"}],"curies":[{"name":"wp","href":"https:\/\/api.w.org\/{rel}","templated":true}]}}