{"id":51046,"date":"2025-11-30T16:59:28","date_gmt":"2025-11-30T19:59:28","guid":{"rendered":"http:\/\/masquenoticiastucuman.com.ar\/?p=51046"},"modified":"2025-11-30T16:59:28","modified_gmt":"2025-11-30T19:59:28","slug":"lautaro-martinez-se-saco-la-mufa-con-un-doblete-para-cortar-la-mala-racha-y-meterse-en-la-historia-de-inter-de-milan","status":"publish","type":"post","link":"https:\/\/masquenoticiastucuman.com.ar\/?p=51046","title":{"rendered":"Lautaro Mart\u00ednez se sac\u00f3 la mufa con un doblete para cortar la mala racha y meterse en la historia de Inter de Mil\u00e1n"},"content":{"rendered":"<ul>\n<li>El argentino fue clave en el 2-0 como visitante sobre Pisa. <\/li>\n<li>Es ahora el cuarto m\u00e1ximo goleador de la historia del club.<\/li>\n<li>&#8220;Mi trabajo es \u00fanicamente alegrar a la afici\u00f3n. Me quedan muchos a\u00f1os de contrato, estoy feliz aqu\u00ed, la gente me quiere&#8221;, sostuvo.<\/li>\n<\/ul>\n<p>\u200bEl argentino fue clave en el 2-0 como visitante sobre Pisa. Es ahora el cuarto m\u00e1ximo goleador de la historia del club.&#8221;Mi trabajo es \u00fanicamente alegrar a la afici\u00f3n. Me quedan muchos a\u00f1os de contrato, estoy feliz aqu\u00ed, la gente me quiere&#8221;, sostuvo.\u00a0<a href=\"https:\/\/www.clarin.com\/deportes\/lautaro-martinez-saco-mufa-doblete-cortar-mala-racha-meterse-historia-inter-milan_0_XWFGjILNWd.html\" target=\"_blank\" class=\"feedzy-rss-link-icon\">Read More<\/a><\/p>","protected":false},"excerpt":{"rendered":"<p>El argentino fue clave en el 2-0 como visitante sobre Pisa. Es ahora el cuarto&#8230;<\/p>\n","protected":false},"author":1,"featured_media":0,"comment_status":"open","ping_status":"open","sticky":false,"template":"","format":"standard","meta":{"footnotes":""},"categories":[6],"tags":[],"class_list":["post-51046","post","type-post","status-publish","format-standard","has-post-thumbnail","hentry","category-deportes"],"_links":{"self":[{"href":"https:\/\/masquenoticiastucuman.com.ar\/index.php?rest_route=\/wp\/v2\/posts\/51046","targetHints":{"allow":["GET"]}}],"collection":[{"href":"https:\/\/masquenoticiastucuman.com.ar\/index.php?rest_route=\/wp\/v2\/posts"}],"about":[{"href":"https:\/\/masquenoticiastucuman.com.ar\/index.php?rest_route=\/wp\/v2\/types\/post"}],"author":[{"embeddable":true,"href":"https:\/\/masquenoticiastucuman.com.ar\/index.php?rest_route=\/wp\/v2\/users\/1"}],"replies":[{"embeddable":true,"href":"https:\/\/masquenoticiastucuman.com.ar\/index.php?rest_route=%2Fwp%2Fv2%2Fcomments&post=51046"}],"version-history":[{"count":0,"href":"https:\/\/masquenoticiastucuman.com.ar\/index.php?rest_route=\/wp\/v2\/posts\/51046\/revisions"}],"wp:attachment":[{"href":"https:\/\/masquenoticiastucuman.com.ar\/index.php?rest_route=%2Fwp%2Fv2%2Fmedia&parent=51046"}],"wp:term":[{"taxonomy":"category","embeddable":true,"href":"https:\/\/masquenoticiastucuman.com.ar\/index.php?rest_route=%2Fwp%2Fv2%2Fcategories&post=51046"},{"taxonomy":"post_tag","embeddable":true,"href":"https:\/\/masquenoticiastucuman.com.ar\/index.php?rest_route=%2Fwp%2Fv2%2Ftags&post=51046"}],"curies":[{"name":"wp","href":"https:\/\/api.w.org\/{rel}","templated":true}]}}