{"id":51049,"date":"2025-11-30T18:09:09","date_gmt":"2025-11-30T21:09:09","guid":{"rendered":"http:\/\/masquenoticiastucuman.com.ar\/?p=51049"},"modified":"2025-11-30T18:09:09","modified_gmt":"2025-11-30T21:09:09","slug":"por-el-record-de-viajes-al-exterior-2025-cerraria-con-una-salida-de-dolares-historica","status":"publish","type":"post","link":"https:\/\/masquenoticiastucuman.com.ar\/?p=51049","title":{"rendered":"Por el r\u00e9cord de viajes al exterior, 2025 cerrar\u00eda con una salida de d\u00f3lares hist\u00f3rica"},"content":{"rendered":"<ul>\n<li>En lo que va del a\u00f1o, ya se fueron unos US$ 9.000 millones.<\/li>\n<li>Las proyecciones iniciales se elevaron y ahora llegan a US$ 13.000 millones.<\/li>\n<li>Hasta ahora, la marca m\u00e1s alta fue en 2017, con US$\u202f10.600 millones.<\/li>\n<\/ul>\n<p>\u200bEn lo que va del a\u00f1o, ya se fueron unos US$ 9.000 millones.Las proyecciones iniciales se elevaron y ahora llegan a US$ 13.000 millones.Hasta ahora, la marca m\u00e1s alta fue en 2017, con US$\u202f10.600 millones.\u00a0<a href=\"https:\/\/www.clarin.com\/economia\/record-viajes-exterior-2025-cerraria-salida-dolares-historica_0_QpHaq554A5.html\" target=\"_blank\" class=\"feedzy-rss-link-icon\">Read More<\/a><\/p>","protected":false},"excerpt":{"rendered":"<p>En lo que va del a\u00f1o, ya se fueron unos US$ 9.000 millones. Las proyecciones&#8230;<\/p>\n","protected":false},"author":1,"featured_media":0,"comment_status":"open","ping_status":"open","sticky":false,"template":"","format":"standard","meta":{"footnotes":""},"categories":[3],"tags":[],"class_list":["post-51049","post","type-post","status-publish","format-standard","has-post-thumbnail","hentry","category-nacionales"],"_links":{"self":[{"href":"https:\/\/masquenoticiastucuman.com.ar\/index.php?rest_route=\/wp\/v2\/posts\/51049","targetHints":{"allow":["GET"]}}],"collection":[{"href":"https:\/\/masquenoticiastucuman.com.ar\/index.php?rest_route=\/wp\/v2\/posts"}],"about":[{"href":"https:\/\/masquenoticiastucuman.com.ar\/index.php?rest_route=\/wp\/v2\/types\/post"}],"author":[{"embeddable":true,"href":"https:\/\/masquenoticiastucuman.com.ar\/index.php?rest_route=\/wp\/v2\/users\/1"}],"replies":[{"embeddable":true,"href":"https:\/\/masquenoticiastucuman.com.ar\/index.php?rest_route=%2Fwp%2Fv2%2Fcomments&post=51049"}],"version-history":[{"count":0,"href":"https:\/\/masquenoticiastucuman.com.ar\/index.php?rest_route=\/wp\/v2\/posts\/51049\/revisions"}],"wp:attachment":[{"href":"https:\/\/masquenoticiastucuman.com.ar\/index.php?rest_route=%2Fwp%2Fv2%2Fmedia&parent=51049"}],"wp:term":[{"taxonomy":"category","embeddable":true,"href":"https:\/\/masquenoticiastucuman.com.ar\/index.php?rest_route=%2Fwp%2Fv2%2Fcategories&post=51049"},{"taxonomy":"post_tag","embeddable":true,"href":"https:\/\/masquenoticiastucuman.com.ar\/index.php?rest_route=%2Fwp%2Fv2%2Ftags&post=51049"}],"curies":[{"name":"wp","href":"https:\/\/api.w.org\/{rel}","templated":true}]}}