{"id":51051,"date":"2025-11-30T18:01:43","date_gmt":"2025-11-30T21:01:43","guid":{"rendered":"http:\/\/masquenoticiastucuman.com.ar\/?p=51051"},"modified":"2025-11-30T18:01:43","modified_gmt":"2025-11-30T21:01:43","slug":"la-guerra-rusia-ucrania-europa-empieza-a-analizar-como-responder-a-los-ataques-de-moscu","status":"publish","type":"post","link":"https:\/\/masquenoticiastucuman.com.ar\/?p=51051","title":{"rendered":"La guerra Rusia-Ucrania: Europa empieza a analizar c\u00f3mo responder a los ataques de Mosc\u00fa"},"content":{"rendered":"<ul>\n<li>Las ideas cubren varios flancos, pero las m\u00e1s citadas ser\u00edan las de lanzar ciberataques contra objetivos sensibles de la industria militar y la econom\u00eda rusa. <\/li>\n<li>Tambi\u00e9n atribuir sin pudor a Mosc\u00fa sus ataques h\u00edbridos en Europa para castigar a Rusia con m\u00e1s sanciones, pasando por lanzar ejercicios militares por sorpresa.<\/li>\n<\/ul>\n<p>\u200bLas ideas cubren varios flancos, pero las m\u00e1s citadas ser\u00edan las de lanzar ciberataques contra objetivos sensibles de la industria militar y la econom\u00eda rusa. Tambi\u00e9n atribuir sin pudor a Mosc\u00fa sus ataques h\u00edbridos en Europa para castigar a Rusia con m\u00e1s sanciones, pasando por lanzar ejercicios militares por sorpresa.\u00a0<a href=\"https:\/\/www.clarin.com\/mundo\/guerra-rusia-ucrania-europa-empieza-analizar-responder-ataques-moscu_0_VuwEY4bNe6.html\" target=\"_blank\" class=\"feedzy-rss-link-icon\">Read More<\/a><\/p>","protected":false},"excerpt":{"rendered":"<p>Las ideas cubren varios flancos, pero las m\u00e1s citadas ser\u00edan las de lanzar ciberataques contra&#8230;<\/p>\n","protected":false},"author":1,"featured_media":51052,"comment_status":"open","ping_status":"open","sticky":false,"template":"","format":"standard","meta":{"footnotes":""},"categories":[4],"tags":[],"class_list":["post-51051","post","type-post","status-publish","format-standard","has-post-thumbnail","hentry","category-internacionales"],"_links":{"self":[{"href":"https:\/\/masquenoticiastucuman.com.ar\/index.php?rest_route=\/wp\/v2\/posts\/51051","targetHints":{"allow":["GET"]}}],"collection":[{"href":"https:\/\/masquenoticiastucuman.com.ar\/index.php?rest_route=\/wp\/v2\/posts"}],"about":[{"href":"https:\/\/masquenoticiastucuman.com.ar\/index.php?rest_route=\/wp\/v2\/types\/post"}],"author":[{"embeddable":true,"href":"https:\/\/masquenoticiastucuman.com.ar\/index.php?rest_route=\/wp\/v2\/users\/1"}],"replies":[{"embeddable":true,"href":"https:\/\/masquenoticiastucuman.com.ar\/index.php?rest_route=%2Fwp%2Fv2%2Fcomments&post=51051"}],"version-history":[{"count":0,"href":"https:\/\/masquenoticiastucuman.com.ar\/index.php?rest_route=\/wp\/v2\/posts\/51051\/revisions"}],"wp:featuredmedia":[{"embeddable":true,"href":"https:\/\/masquenoticiastucuman.com.ar\/index.php?rest_route=\/wp\/v2\/media\/51052"}],"wp:attachment":[{"href":"https:\/\/masquenoticiastucuman.com.ar\/index.php?rest_route=%2Fwp%2Fv2%2Fmedia&parent=51051"}],"wp:term":[{"taxonomy":"category","embeddable":true,"href":"https:\/\/masquenoticiastucuman.com.ar\/index.php?rest_route=%2Fwp%2Fv2%2Fcategories&post=51051"},{"taxonomy":"post_tag","embeddable":true,"href":"https:\/\/masquenoticiastucuman.com.ar\/index.php?rest_route=%2Fwp%2Fv2%2Ftags&post=51051"}],"curies":[{"name":"wp","href":"https:\/\/api.w.org\/{rel}","templated":true}]}}