{"id":51057,"date":"2025-11-30T19:56:27","date_gmt":"2025-11-30T22:56:27","guid":{"rendered":"http:\/\/masquenoticiastucuman.com.ar\/?p=51057"},"modified":"2025-11-30T19:56:27","modified_gmt":"2025-11-30T22:56:27","slug":"tension-entre-estados-unidos-y-venezuela-donald-trump-confirmo-que-tuvo-una-conversacion-telefonica-con-nicolas-maduro","status":"publish","type":"post","link":"https:\/\/masquenoticiastucuman.com.ar\/?p=51057","title":{"rendered":"Tensi\u00f3n entre Estados Unidos y Venezuela: Donald Trump confirm\u00f3 que tuvo una conversaci\u00f3n telef\u00f3nica con Nicol\u00e1s Maduro"},"content":{"rendered":"<ul>\n<li>&#8220;No dir\u00eda que sali\u00f3 bien ni mal. Fue una llamada telef\u00f3nica&#8221;, dijo el presidente estadounidense sobre la conversaci\u00f3n que mantuvo con su par venezolano.<\/li>\n<li>Lo hab\u00eda informado el diario The New York Times.<\/li>\n<\/ul>\n<p>\u200b&#8221;No dir\u00eda que sali\u00f3 bien ni mal. Fue una llamada telef\u00f3nica&#8221;, dijo el presidente estadounidense sobre la conversaci\u00f3n que mantuvo con su par venezolano.Lo hab\u00eda informado el diario The New York Times.\u00a0<a href=\"https:\/\/www.clarin.com\/mundo\/tension-estados-unidos-venezuela-donald-trump-confirmo-conversacion-telefonica-nicolas-maduro_0_bPIGvwwPr7.html\" target=\"_blank\" class=\"feedzy-rss-link-icon\">Read More<\/a><\/p>","protected":false},"excerpt":{"rendered":"<p>&#8220;No dir\u00eda que sali\u00f3 bien ni mal. Fue una llamada telef\u00f3nica&#8221;, dijo el presidente estadounidense&#8230;<\/p>\n","protected":false},"author":1,"featured_media":51058,"comment_status":"open","ping_status":"open","sticky":false,"template":"","format":"standard","meta":{"footnotes":""},"categories":[4],"tags":[],"class_list":["post-51057","post","type-post","status-publish","format-standard","has-post-thumbnail","hentry","category-internacionales"],"_links":{"self":[{"href":"https:\/\/masquenoticiastucuman.com.ar\/index.php?rest_route=\/wp\/v2\/posts\/51057","targetHints":{"allow":["GET"]}}],"collection":[{"href":"https:\/\/masquenoticiastucuman.com.ar\/index.php?rest_route=\/wp\/v2\/posts"}],"about":[{"href":"https:\/\/masquenoticiastucuman.com.ar\/index.php?rest_route=\/wp\/v2\/types\/post"}],"author":[{"embeddable":true,"href":"https:\/\/masquenoticiastucuman.com.ar\/index.php?rest_route=\/wp\/v2\/users\/1"}],"replies":[{"embeddable":true,"href":"https:\/\/masquenoticiastucuman.com.ar\/index.php?rest_route=%2Fwp%2Fv2%2Fcomments&post=51057"}],"version-history":[{"count":0,"href":"https:\/\/masquenoticiastucuman.com.ar\/index.php?rest_route=\/wp\/v2\/posts\/51057\/revisions"}],"wp:featuredmedia":[{"embeddable":true,"href":"https:\/\/masquenoticiastucuman.com.ar\/index.php?rest_route=\/wp\/v2\/media\/51058"}],"wp:attachment":[{"href":"https:\/\/masquenoticiastucuman.com.ar\/index.php?rest_route=%2Fwp%2Fv2%2Fmedia&parent=51057"}],"wp:term":[{"taxonomy":"category","embeddable":true,"href":"https:\/\/masquenoticiastucuman.com.ar\/index.php?rest_route=%2Fwp%2Fv2%2Fcategories&post=51057"},{"taxonomy":"post_tag","embeddable":true,"href":"https:\/\/masquenoticiastucuman.com.ar\/index.php?rest_route=%2Fwp%2Fv2%2Ftags&post=51057"}],"curies":[{"name":"wp","href":"https:\/\/api.w.org\/{rel}","templated":true}]}}