{"id":53102,"date":"2025-12-29T10:33:52","date_gmt":"2025-12-29T13:33:52","guid":{"rendered":"https:\/\/masquenoticiastucuman.com.ar\/?p=53102"},"modified":"2025-12-29T10:33:53","modified_gmt":"2025-12-29T13:33:53","slug":"el-gobernador-jaldo-recibio-a-la-senadora-sandra-mendoza","status":"publish","type":"post","link":"https:\/\/masquenoticiastucuman.com.ar\/?p=53102","title":{"rendered":"El gobernador Jaldo recibi\u00f3 a la senadora Sandra Mendoza"},"content":{"rendered":"\n<p>El Primer Mandatario se reuni\u00f3 con la parlamentaria en el marco de una agenda de trabajo conjunta destinada a analizar el cierre del a\u00f1o.<\/p>\n\n\n\n<p>El gobernador,&nbsp;<strong>Osvaldo Jaldo,&nbsp;<\/strong>mantuvo este lunes una reuni\u00f3n con la senadora nacional&nbsp;<strong>Sandra Mendoza,&nbsp;<\/strong>para analizar el cierre del a\u00f1o, el avance de obras en Tucum\u00e1n y el escenario pol\u00edtico nacional tras la aprobaci\u00f3n del Presupuesto en el Senado.<\/p>\n\n\n\n<p>\u201cHemos venido a encontrarnos tambi\u00e9n para analizar un poco c\u00f3mo despedir el a\u00f1o, inaugurando obras, y tambi\u00e9n para analizar la sesi\u00f3n del d\u00eda viernes y lo que pas\u00f3 en el Senado\u201d, expres\u00f3 Mendoza, al tiempo que remarc\u00f3 la relevancia institucional de que la Argentina vuelva a contar con una ley de presupuesto luego de dos a\u00f1os.<\/p>\n\n\n\n<p>En ese sentido, la senadora sostuvo que, si bien el presupuesto aprobado no es el ideal, representa una herramienta fundamental para ordenar la administraci\u00f3n de los recursos:<\/p>\n\n\n\n<p>\u201cNo es el mejor presupuesto ni el que hubi\u00e9ramos querido, pero tampoco es dejarle liberada la lapicera al Gobierno Nacional para que distribuya los fondos como quiera. Mal que mal, en este presupuesto est\u00e1 instalado qu\u00e9 es lo que se va a hacer\u201d.<\/p>\n\n\n\n<p><strong>Educaci\u00f3n p\u00fablica y previsibilidad<\/strong><\/p>\n\n\n\n<p>Consultada sobre su postura en relaci\u00f3n con el financiamiento educativo, Mendoza declar\u00f3 que \u201cno he votado en contra de la educaci\u00f3n p\u00fablica\u201d. Explic\u00f3 que la derogaci\u00f3n del piso del 6% del PBI para educaci\u00f3n busca brindar previsibilidad y no implica un recorte autom\u00e1tico y se\u00f1al\u00f3 que: \u201cOjal\u00e1 que no sea el 6%, sino el 7 u 8%; cuando sea m\u00e1s para educaci\u00f3n, mejor todav\u00eda\u201d,&nbsp;<\/p>\n\n\n\n<p>Asimismo, destac\u00f3 que el Senado actu\u00f3 con responsabilidad institucional al evitar retrocesos en materia educativa y de discapacidad. \u201cHab\u00eda art\u00edculos que no ten\u00edan que haberse aprobado nunca y en el Senado no hubieran salido porque est\u00e1bamos convencidos de defender esos derechos\u201d, sostuvo.<\/p>\n\n\n\n<figure class=\"wp-block-image size-large\"><img loading=\"lazy\" decoding=\"async\" width=\"1024\" height=\"722\" src=\"https:\/\/masquenoticiastucuman.com.ar\/wp-content\/uploads\/2025\/12\/251229095516_68563-1024x722.jpeg\" alt=\"\" class=\"wp-image-53103\" srcset=\"https:\/\/masquenoticiastucuman.com.ar\/wp-content\/uploads\/2025\/12\/251229095516_68563-1024x722.jpeg 1024w, https:\/\/masquenoticiastucuman.com.ar\/wp-content\/uploads\/2025\/12\/251229095516_68563-300x212.jpeg 300w, https:\/\/masquenoticiastucuman.com.ar\/wp-content\/uploads\/2025\/12\/251229095516_68563-768x542.jpeg 768w, https:\/\/masquenoticiastucuman.com.ar\/wp-content\/uploads\/2025\/12\/251229095516_68563.jpeg 1439w\" sizes=\"auto, (max-width: 1024px) 100vw, 1024px\" \/><\/figure>\n\n\n\n<p id=\"isPasted\"><strong>Trabajo conjunto por Tucum\u00e1n<\/strong><\/p>\n\n\n\n<p>De cara al pr\u00f3ximo a\u00f1o, la senadora ratific\u00f3 su compromiso de continuar trabajando de manera coordinada con el Gobierno provincial.<\/p>\n\n\n\n<p>\u201cEn di\u00e1logo permanente vamos a trabajar de acuerdo a las necesidades de la provincia y en lo que podamos aportar desde el Senado lo vamos a hacer\u201d.<\/p>\n\n\n\n<p>Mendoza remarc\u00f3 que Tucum\u00e1n se ve beneficiada con obras y recursos que a\u00fan deben ser devueltos por la Naci\u00f3n:<\/p>\n\n\n\n<p>\u201cLa provincia ha puesto recursos propios en obras que son de los tucumanos y la Naci\u00f3n todav\u00eda tiene que devolver esos fondos\u201d. En ese marco, mencion\u00f3 los Aportes del Tesoro Nacional (ATN) como una se\u00f1al positiva, aunque insuficiente: \u201cTodav\u00eda no es lo que le corresponder\u00eda a Tucum\u00e1n, pero algo es algo y lo agradecemos\u201d.<\/p>\n\n\n\n<p><strong>Reforma laboral y situaci\u00f3n del pa\u00eds<\/strong><\/p>\n\n\n\n<p>La senadora confirm\u00f3 que la actividad legislativa se retomar\u00e1 a partir del 10 de febrero, con la reforma laboral como uno de los principales temas en agenda.<\/p>\n\n\n\n<p>\u201cAs\u00ed como est\u00e1 la ley, yo no la apruebo\u201d, afirm\u00f3, y subray\u00f3 su postura en defensa de los trabajadores y la necesidad de incorporar modificaciones consensuadas con los sectores sindicales.<\/p>\n\n\n\n<p>Finalmente, Mendoza se refiri\u00f3 al complejo panorama econ\u00f3mico nacional. \u201cTodo est\u00e1 confuso y complicado. M\u00e1s all\u00e1 del discurso del d\u00e9ficit cero, en la gente no se siente una mejora\u201d, dijo.<\/p>\n","protected":false},"excerpt":{"rendered":"<p>El Primer Mandatario se reuni\u00f3 con la parlamentaria en el marco de una agenda de&#8230;<\/p>\n","protected":false},"author":2,"featured_media":53104,"comment_status":"open","ping_status":"open","sticky":false,"template":"","format":"standard","meta":{"footnotes":""},"categories":[2],"tags":[],"class_list":["post-53102","post","type-post","status-publish","format-standard","has-post-thumbnail","hentry","category-locales"],"_links":{"self":[{"href":"https:\/\/masquenoticiastucuman.com.ar\/index.php?rest_route=\/wp\/v2\/posts\/53102","targetHints":{"allow":["GET"]}}],"collection":[{"href":"https:\/\/masquenoticiastucuman.com.ar\/index.php?rest_route=\/wp\/v2\/posts"}],"about":[{"href":"https:\/\/masquenoticiastucuman.com.ar\/index.php?rest_route=\/wp\/v2\/types\/post"}],"author":[{"embeddable":true,"href":"https:\/\/masquenoticiastucuman.com.ar\/index.php?rest_route=\/wp\/v2\/users\/2"}],"replies":[{"embeddable":true,"href":"https:\/\/masquenoticiastucuman.com.ar\/index.php?rest_route=%2Fwp%2Fv2%2Fcomments&post=53102"}],"version-history":[{"count":1,"href":"https:\/\/masquenoticiastucuman.com.ar\/index.php?rest_route=\/wp\/v2\/posts\/53102\/revisions"}],"predecessor-version":[{"id":53105,"href":"https:\/\/masquenoticiastucuman.com.ar\/index.php?rest_route=\/wp\/v2\/posts\/53102\/revisions\/53105"}],"wp:featuredmedia":[{"embeddable":true,"href":"https:\/\/masquenoticiastucuman.com.ar\/index.php?rest_route=\/wp\/v2\/media\/53104"}],"wp:attachment":[{"href":"https:\/\/masquenoticiastucuman.com.ar\/index.php?rest_route=%2Fwp%2Fv2%2Fmedia&parent=53102"}],"wp:term":[{"taxonomy":"category","embeddable":true,"href":"https:\/\/masquenoticiastucuman.com.ar\/index.php?rest_route=%2Fwp%2Fv2%2Fcategories&post=53102"},{"taxonomy":"post_tag","embeddable":true,"href":"https:\/\/masquenoticiastucuman.com.ar\/index.php?rest_route=%2Fwp%2Fv2%2Ftags&post=53102"}],"curies":[{"name":"wp","href":"https:\/\/api.w.org\/{rel}","templated":true}]}}