{"id":53106,"date":"2025-12-29T11:14:39","date_gmt":"2025-12-29T14:14:39","guid":{"rendered":"https:\/\/masquenoticiastucuman.com.ar\/?p=53106"},"modified":"2025-12-29T11:14:49","modified_gmt":"2025-12-29T14:14:49","slug":"asi-seran-los-horarios-de-comercios-y-supermercados-en-la-ultima-semana-del-ano","status":"publish","type":"post","link":"https:\/\/masquenoticiastucuman.com.ar\/?p=53106","title":{"rendered":"As\u00ed ser\u00e1n los horarios de comercios y supermercados en la \u00faltima semana del a\u00f1o"},"content":{"rendered":"\n<p>Se viene fin de a\u00f1o y los tucumanos se preparan para las compras de fin de a\u00f1o. Que los regalos, que la comida, que algo de ropa, siempre por algo hay que ir hasta un comercio y muchas veces es la tarea que m\u00e1s se pospone. Por eso es importante tener en claro c\u00f3mo funcionar\u00e1 el comercio durante la \u00faltima semana del a\u00f1o.<\/p>\n\n\n\n<p>Gabriela Coronel, presidenta de la C\u00e1mara de Comercio de San Miguel de Tucum\u00e1n explic\u00f3 que \u00abtodo este a\u00f1o venimos un poquito volteados con la situaci\u00f3n econ\u00f3mica y la ca\u00edda de ventas, todos los comerciantes\u00bb.<\/p>\n\n\n\n<p>Adem\u00e1s, inform\u00f3 que el lunes 29 y el martes 30, el comercio trabajar\u00e1 con horario normal, cortado, de 9 a 13 y de 17:30 a 21:30. El \u00fanico d\u00eda diferente va a ser el mi\u00e9rcoles 31, \u00abpor decisi\u00f3n de los empresarios, vamos a trabajar de 9 a 14, de corrido pero acortado\u00bb.<\/p>\n\n\n\n<p>Esta decisi\u00f3n, se\u00f1al\u00f3, fue tomada por empresarios de diferentes rubros, que \u00abseg\u00fan su experiencia, tratan de ver qu\u00e9 horarios son oportunos para que el cliente pueda llegarse\u00bb. En ese sentido, dijo que no se prev\u00e9 abrir los domingos, porque \u00abla verdad es que no va a representar una apertura con mayor movimiento comercial, teniendo en cuenta que los mismos lunes pr\u00f3ximos, o sea posteriores al domingo, vamos a abrir normalmente\u00bb.<\/p>\n\n\n\n<p>En cuanto a los supermercados, adelant\u00f3 que \u00abel 31 van a atender hasta las 17 horas\u00bb.<\/p>\n\n\n\n<p id=\"isPasted\"><strong>Horarios del comercio<\/strong><\/p>\n\n\n\n<ul class=\"wp-block-list\">\n<li>Lunes 29:\u00a0normal, de 9 a 13 y de 17:30 a 21:30.<\/li>\n\n\n\n<li>Martes 30:\u00a0normal, de 9 a 13 y de 17:30 a 21:30.<\/li>\n\n\n\n<li>Mi\u00e9rcoles 31: horario acotado, de 9 a 14.<\/li>\n<\/ul>\n","protected":false},"excerpt":{"rendered":"<p>Se viene fin de a\u00f1o y los tucumanos se preparan para las compras de fin&#8230;<\/p>\n","protected":false},"author":2,"featured_media":53107,"comment_status":"open","ping_status":"open","sticky":false,"template":"","format":"standard","meta":{"footnotes":""},"categories":[2,1],"tags":[],"class_list":["post-53106","post","type-post","status-publish","format-standard","has-post-thumbnail","hentry","category-locales","category-uncategorized"],"_links":{"self":[{"href":"https:\/\/masquenoticiastucuman.com.ar\/index.php?rest_route=\/wp\/v2\/posts\/53106","targetHints":{"allow":["GET"]}}],"collection":[{"href":"https:\/\/masquenoticiastucuman.com.ar\/index.php?rest_route=\/wp\/v2\/posts"}],"about":[{"href":"https:\/\/masquenoticiastucuman.com.ar\/index.php?rest_route=\/wp\/v2\/types\/post"}],"author":[{"embeddable":true,"href":"https:\/\/masquenoticiastucuman.com.ar\/index.php?rest_route=\/wp\/v2\/users\/2"}],"replies":[{"embeddable":true,"href":"https:\/\/masquenoticiastucuman.com.ar\/index.php?rest_route=%2Fwp%2Fv2%2Fcomments&post=53106"}],"version-history":[{"count":1,"href":"https:\/\/masquenoticiastucuman.com.ar\/index.php?rest_route=\/wp\/v2\/posts\/53106\/revisions"}],"predecessor-version":[{"id":53108,"href":"https:\/\/masquenoticiastucuman.com.ar\/index.php?rest_route=\/wp\/v2\/posts\/53106\/revisions\/53108"}],"wp:featuredmedia":[{"embeddable":true,"href":"https:\/\/masquenoticiastucuman.com.ar\/index.php?rest_route=\/wp\/v2\/media\/53107"}],"wp:attachment":[{"href":"https:\/\/masquenoticiastucuman.com.ar\/index.php?rest_route=%2Fwp%2Fv2%2Fmedia&parent=53106"}],"wp:term":[{"taxonomy":"category","embeddable":true,"href":"https:\/\/masquenoticiastucuman.com.ar\/index.php?rest_route=%2Fwp%2Fv2%2Fcategories&post=53106"},{"taxonomy":"post_tag","embeddable":true,"href":"https:\/\/masquenoticiastucuman.com.ar\/index.php?rest_route=%2Fwp%2Fv2%2Ftags&post=53106"}],"curies":[{"name":"wp","href":"https:\/\/api.w.org\/{rel}","templated":true}]}}