{"id":53109,"date":"2025-12-29T10:09:56","date_gmt":"2025-12-29T13:09:56","guid":{"rendered":"http:\/\/masquenoticiastucuman.com.ar\/?p=53109"},"modified":"2025-12-29T10:09:56","modified_gmt":"2025-12-29T13:09:56","slug":"obra-publica-con-capitales-privados-el-gobierno-dio-el-primer-paso-para-la-ampliacion-de-la-red-de-transporte-electrico","status":"publish","type":"post","link":"https:\/\/masquenoticiastucuman.com.ar\/?p=53109","title":{"rendered":"Obra p\u00fablica con capitales privados: el Gobierno dio el primer paso para la ampliaci\u00f3n de la red de transporte el\u00e9ctrico"},"content":{"rendered":"<ul>\n<li>Busca que sean las empresas quienes financien la expansi\u00f3n de la red para evitar cortes y cuellos de botella.<\/li>\n<li>Se suma a la privatizaci\u00f3n de Transener.<\/li>\n<\/ul>\n<p>\u200bBusca que sean las empresas quienes financien la expansi\u00f3n de la red para evitar cortes y cuellos de botella.Se suma a la privatizaci\u00f3n de Transener.\u00a0<a href=\"https:\/\/www.clarin.com\/economia\/obra-publica-capitales-privados-gobierno-dio-primer-paso-ampliacion-red-transporte-electrico_0_r9fypVtAU0.html\" target=\"_blank\" class=\"feedzy-rss-link-icon\">Read More<\/a><\/p>","protected":false},"excerpt":{"rendered":"<p>Busca que sean las empresas quienes financien la expansi\u00f3n de la red para evitar cortes&#8230;<\/p>\n","protected":false},"author":1,"featured_media":0,"comment_status":"open","ping_status":"open","sticky":false,"template":"","format":"standard","meta":{"footnotes":""},"categories":[3],"tags":[],"class_list":["post-53109","post","type-post","status-publish","format-standard","has-post-thumbnail","hentry","category-nacionales"],"_links":{"self":[{"href":"https:\/\/masquenoticiastucuman.com.ar\/index.php?rest_route=\/wp\/v2\/posts\/53109","targetHints":{"allow":["GET"]}}],"collection":[{"href":"https:\/\/masquenoticiastucuman.com.ar\/index.php?rest_route=\/wp\/v2\/posts"}],"about":[{"href":"https:\/\/masquenoticiastucuman.com.ar\/index.php?rest_route=\/wp\/v2\/types\/post"}],"author":[{"embeddable":true,"href":"https:\/\/masquenoticiastucuman.com.ar\/index.php?rest_route=\/wp\/v2\/users\/1"}],"replies":[{"embeddable":true,"href":"https:\/\/masquenoticiastucuman.com.ar\/index.php?rest_route=%2Fwp%2Fv2%2Fcomments&post=53109"}],"version-history":[{"count":0,"href":"https:\/\/masquenoticiastucuman.com.ar\/index.php?rest_route=\/wp\/v2\/posts\/53109\/revisions"}],"wp:attachment":[{"href":"https:\/\/masquenoticiastucuman.com.ar\/index.php?rest_route=%2Fwp%2Fv2%2Fmedia&parent=53109"}],"wp:term":[{"taxonomy":"category","embeddable":true,"href":"https:\/\/masquenoticiastucuman.com.ar\/index.php?rest_route=%2Fwp%2Fv2%2Fcategories&post=53109"},{"taxonomy":"post_tag","embeddable":true,"href":"https:\/\/masquenoticiastucuman.com.ar\/index.php?rest_route=%2Fwp%2Fv2%2Ftags&post=53109"}],"curies":[{"name":"wp","href":"https:\/\/api.w.org\/{rel}","templated":true}]}}