{"id":53115,"date":"2025-12-29T10:10:26","date_gmt":"2025-12-29T13:10:26","guid":{"rendered":"http:\/\/masquenoticiastucuman.com.ar\/?p=53115"},"modified":"2025-12-29T10:10:26","modified_gmt":"2025-12-29T13:10:26","slug":"como-sera-la-temporada-de-premios-2026-que-arranca-el-primer-domingo-del-ano-con-los-critics-choice-awards","status":"publish","type":"post","link":"https:\/\/masquenoticiastucuman.com.ar\/?p=53115","title":{"rendered":"C\u00f3mo ser\u00e1 la temporada de premios 2026, que arranca el primer domingo del a\u00f1o con los Critics Choice Awards"},"content":{"rendered":"<ul>\n<li>Este 4 de enero, Hollywood desempolvar\u00e1 los vestuarios de gala para la primera entrega de premios que abre la seguidilla de ceremonias. <\/li>\n<li>C\u00f3mo y cu\u00e1ndo ver los premios de apertura y los Grammys, SAG, BAFTA y Oscars entre otros.<\/li>\n<\/ul>\n<p>\u200bEste 4 de enero, Hollywood desempolvar\u00e1 los vestuarios de gala para la primera entrega de premios que abre la seguidilla de ceremonias. C\u00f3mo y cu\u00e1ndo ver los premios de apertura y los Grammys, SAG, BAFTA y Oscars entre otros.\u00a0<a href=\"https:\/\/www.clarin.com\/espectaculos\/temporada-premios-2026-arranca-primer-domingo-ano-critics-choice-awards_0_7kLOhgrSor.html\" target=\"_blank\" class=\"feedzy-rss-link-icon\">Read More<\/a><\/p>","protected":false},"excerpt":{"rendered":"<p>Este 4 de enero, Hollywood desempolvar\u00e1 los vestuarios de gala para la primera entrega de&#8230;<\/p>\n","protected":false},"author":1,"featured_media":0,"comment_status":"open","ping_status":"open","sticky":false,"template":"","format":"standard","meta":{"footnotes":""},"categories":[5],"tags":[],"class_list":["post-53115","post","type-post","status-publish","format-standard","has-post-thumbnail","hentry","category-espectaculo"],"_links":{"self":[{"href":"https:\/\/masquenoticiastucuman.com.ar\/index.php?rest_route=\/wp\/v2\/posts\/53115","targetHints":{"allow":["GET"]}}],"collection":[{"href":"https:\/\/masquenoticiastucuman.com.ar\/index.php?rest_route=\/wp\/v2\/posts"}],"about":[{"href":"https:\/\/masquenoticiastucuman.com.ar\/index.php?rest_route=\/wp\/v2\/types\/post"}],"author":[{"embeddable":true,"href":"https:\/\/masquenoticiastucuman.com.ar\/index.php?rest_route=\/wp\/v2\/users\/1"}],"replies":[{"embeddable":true,"href":"https:\/\/masquenoticiastucuman.com.ar\/index.php?rest_route=%2Fwp%2Fv2%2Fcomments&post=53115"}],"version-history":[{"count":0,"href":"https:\/\/masquenoticiastucuman.com.ar\/index.php?rest_route=\/wp\/v2\/posts\/53115\/revisions"}],"wp:attachment":[{"href":"https:\/\/masquenoticiastucuman.com.ar\/index.php?rest_route=%2Fwp%2Fv2%2Fmedia&parent=53115"}],"wp:term":[{"taxonomy":"category","embeddable":true,"href":"https:\/\/masquenoticiastucuman.com.ar\/index.php?rest_route=%2Fwp%2Fv2%2Fcategories&post=53115"},{"taxonomy":"post_tag","embeddable":true,"href":"https:\/\/masquenoticiastucuman.com.ar\/index.php?rest_route=%2Fwp%2Fv2%2Ftags&post=53115"}],"curies":[{"name":"wp","href":"https:\/\/api.w.org\/{rel}","templated":true}]}}