{"id":53117,"date":"2025-12-29T12:26:13","date_gmt":"2025-12-29T15:26:13","guid":{"rendered":"http:\/\/masquenoticiastucuman.com.ar\/?p=53117"},"modified":"2025-12-29T12:26:13","modified_gmt":"2025-12-29T15:26:13","slug":"a-contramano-de-argentina-uruguay-lanza-una-ofensiva-para-desalentar-el-uso-del-dolar","status":"publish","type":"post","link":"https:\/\/masquenoticiastucuman.com.ar\/?p=53117","title":{"rendered":"A contramano de Argentina, Uruguay lanza una ofensiva para desalentar el uso del d\u00f3lar"},"content":{"rendered":"<ul>\n<li>El presidente del Banco Central del pa\u00eds vecino busca reforzar el uso de pesos.<\/li>\n<li>Est\u00e1 bajando la participaci\u00f3n del d\u00f3lar en sus reservas y anunciar\u00eda nuevas medidas.<\/li>\n<\/ul>\n<p>\u200bEl presidente del Banco Central del pa\u00eds vecino busca reforzar el uso de pesos.Est\u00e1 bajando la participaci\u00f3n del d\u00f3lar en sus reservas y anunciar\u00eda nuevas medidas.\u00a0<a href=\"https:\/\/www.clarin.com\/economia\/contramano-argentina-uruguay-lanza-ofensiva-desalentar-uso-dolar_0_aWzqNvrZou.html\" target=\"_blank\" class=\"feedzy-rss-link-icon\">Read More<\/a><\/p>","protected":false},"excerpt":{"rendered":"<p>El presidente del Banco Central del pa\u00eds vecino busca reforzar el uso de pesos. Est\u00e1&#8230;<\/p>\n","protected":false},"author":1,"featured_media":0,"comment_status":"open","ping_status":"open","sticky":false,"template":"","format":"standard","meta":{"footnotes":""},"categories":[3],"tags":[],"class_list":["post-53117","post","type-post","status-publish","format-standard","has-post-thumbnail","hentry","category-nacionales"],"_links":{"self":[{"href":"https:\/\/masquenoticiastucuman.com.ar\/index.php?rest_route=\/wp\/v2\/posts\/53117","targetHints":{"allow":["GET"]}}],"collection":[{"href":"https:\/\/masquenoticiastucuman.com.ar\/index.php?rest_route=\/wp\/v2\/posts"}],"about":[{"href":"https:\/\/masquenoticiastucuman.com.ar\/index.php?rest_route=\/wp\/v2\/types\/post"}],"author":[{"embeddable":true,"href":"https:\/\/masquenoticiastucuman.com.ar\/index.php?rest_route=\/wp\/v2\/users\/1"}],"replies":[{"embeddable":true,"href":"https:\/\/masquenoticiastucuman.com.ar\/index.php?rest_route=%2Fwp%2Fv2%2Fcomments&post=53117"}],"version-history":[{"count":0,"href":"https:\/\/masquenoticiastucuman.com.ar\/index.php?rest_route=\/wp\/v2\/posts\/53117\/revisions"}],"wp:attachment":[{"href":"https:\/\/masquenoticiastucuman.com.ar\/index.php?rest_route=%2Fwp%2Fv2%2Fmedia&parent=53117"}],"wp:term":[{"taxonomy":"category","embeddable":true,"href":"https:\/\/masquenoticiastucuman.com.ar\/index.php?rest_route=%2Fwp%2Fv2%2Fcategories&post=53117"},{"taxonomy":"post_tag","embeddable":true,"href":"https:\/\/masquenoticiastucuman.com.ar\/index.php?rest_route=%2Fwp%2Fv2%2Ftags&post=53117"}],"curies":[{"name":"wp","href":"https:\/\/api.w.org\/{rel}","templated":true}]}}