{"id":53121,"date":"2025-12-29T12:14:29","date_gmt":"2025-12-29T15:14:29","guid":{"rendered":"http:\/\/masquenoticiastucuman.com.ar\/?p=53121"},"modified":"2025-12-29T12:14:29","modified_gmt":"2025-12-29T15:14:29","slug":"millie-bobby-brown-la-protagonista-de-stranger-things-que-lucha-por-dejar-de-ser-la-nena-perfecta-de-la-pantalla","status":"publish","type":"post","link":"https:\/\/masquenoticiastucuman.com.ar\/?p=53121","title":{"rendered":"Millie Bobby Brown, la protagonista de Stranger Things que lucha por dejar de ser la nena perfecta de la pantalla"},"content":{"rendered":"<ul>\n<li>Convertida en una de las caras m\u00e1s reconocibles de su generaci\u00f3n, la actriz creci\u00f3 frente a las c\u00e1maras desde muy chica y bajo una lupa constante. <\/li>\n<li>\u00cdcono precoz de Netflix, construy\u00f3 una carrera global mientras intentaba desprenderse de una imagen de la ni\u00f1a prodigio intocable.<\/li>\n<\/ul>\n<p>\u200bConvertida en una de las caras m\u00e1s reconocibles de su generaci\u00f3n, la actriz creci\u00f3 frente a las c\u00e1maras desde muy chica y bajo una lupa constante. \u00cdcono precoz de Netflix, construy\u00f3 una carrera global mientras intentaba desprenderse de una imagen de la ni\u00f1a prodigio intocable.\u00a0<a href=\"https:\/\/www.clarin.com\/espectaculos\/millie-bobby-brown-protagonista-stranger-things-lucha-dejar-nena-perfecta-pantalla_0_5nELTavpR2.html\" target=\"_blank\" class=\"feedzy-rss-link-icon\">Read More<\/a><\/p>","protected":false},"excerpt":{"rendered":"<p>Convertida en una de las caras m\u00e1s reconocibles de su generaci\u00f3n, la actriz creci\u00f3 frente&#8230;<\/p>\n","protected":false},"author":1,"featured_media":0,"comment_status":"open","ping_status":"open","sticky":false,"template":"","format":"standard","meta":{"footnotes":""},"categories":[5],"tags":[],"class_list":["post-53121","post","type-post","status-publish","format-standard","has-post-thumbnail","hentry","category-espectaculo"],"_links":{"self":[{"href":"https:\/\/masquenoticiastucuman.com.ar\/index.php?rest_route=\/wp\/v2\/posts\/53121","targetHints":{"allow":["GET"]}}],"collection":[{"href":"https:\/\/masquenoticiastucuman.com.ar\/index.php?rest_route=\/wp\/v2\/posts"}],"about":[{"href":"https:\/\/masquenoticiastucuman.com.ar\/index.php?rest_route=\/wp\/v2\/types\/post"}],"author":[{"embeddable":true,"href":"https:\/\/masquenoticiastucuman.com.ar\/index.php?rest_route=\/wp\/v2\/users\/1"}],"replies":[{"embeddable":true,"href":"https:\/\/masquenoticiastucuman.com.ar\/index.php?rest_route=%2Fwp%2Fv2%2Fcomments&post=53121"}],"version-history":[{"count":0,"href":"https:\/\/masquenoticiastucuman.com.ar\/index.php?rest_route=\/wp\/v2\/posts\/53121\/revisions"}],"wp:attachment":[{"href":"https:\/\/masquenoticiastucuman.com.ar\/index.php?rest_route=%2Fwp%2Fv2%2Fmedia&parent=53121"}],"wp:term":[{"taxonomy":"category","embeddable":true,"href":"https:\/\/masquenoticiastucuman.com.ar\/index.php?rest_route=%2Fwp%2Fv2%2Fcategories&post=53121"},{"taxonomy":"post_tag","embeddable":true,"href":"https:\/\/masquenoticiastucuman.com.ar\/index.php?rest_route=%2Fwp%2Fv2%2Ftags&post=53121"}],"curies":[{"name":"wp","href":"https:\/\/api.w.org\/{rel}","templated":true}]}}