{"id":53130,"date":"2025-12-29T12:28:28","date_gmt":"2025-12-29T15:28:28","guid":{"rendered":"http:\/\/masquenoticiastucuman.com.ar\/?p=53130"},"modified":"2025-12-29T12:28:28","modified_gmt":"2025-12-29T15:28:28","slug":"a-claudio-ubeda-le-respetaran-el-contrato-que-vence-en-junio-y-seguira-como-dt-de-boca","status":"publish","type":"post","link":"https:\/\/masquenoticiastucuman.com.ar\/?p=53130","title":{"rendered":"A Claudio \u00dabeda le respetar\u00e1n  el contrato que vence en junio y seguir\u00e1 como DT de Boca"},"content":{"rendered":"<ul>\n<li>Lo decidi\u00f3 el presidente del club, Juan Rom\u00e1n Riquelme.<\/li>\n<li>El Sif\u00f3n mantendr\u00e1 el mismo cuerpo t\u00e9cnico que lleg\u00f3 hasta diciembre.<\/li>\n<li>El viernes 2 de enero volver\u00e1 al trabajo con la Libertadores entre ceja y ceja.<\/li>\n<\/ul>\n<p>\u200bLo decidi\u00f3 el presidente del club, Juan Rom\u00e1n Riquelme.El Sif\u00f3n mantendr\u00e1 el mismo cuerpo t\u00e9cnico que lleg\u00f3 hasta diciembre.El viernes 2 de enero volver\u00e1 al trabajo con la Libertadores entre ceja y ceja.\u00a0<a href=\"https:\/\/www.clarin.com\/deportes\/claudio-ubeda-seguira-dt-boca_0_5OSECO4vNq.html\" target=\"_blank\" class=\"feedzy-rss-link-icon\">Read More<\/a><\/p>","protected":false},"excerpt":{"rendered":"<p>Lo decidi\u00f3 el presidente del club, Juan Rom\u00e1n Riquelme. El Sif\u00f3n mantendr\u00e1 el mismo cuerpo&#8230;<\/p>\n","protected":false},"author":1,"featured_media":0,"comment_status":"open","ping_status":"open","sticky":false,"template":"","format":"standard","meta":{"footnotes":""},"categories":[6],"tags":[],"class_list":["post-53130","post","type-post","status-publish","format-standard","has-post-thumbnail","hentry","category-deportes"],"_links":{"self":[{"href":"https:\/\/masquenoticiastucuman.com.ar\/index.php?rest_route=\/wp\/v2\/posts\/53130","targetHints":{"allow":["GET"]}}],"collection":[{"href":"https:\/\/masquenoticiastucuman.com.ar\/index.php?rest_route=\/wp\/v2\/posts"}],"about":[{"href":"https:\/\/masquenoticiastucuman.com.ar\/index.php?rest_route=\/wp\/v2\/types\/post"}],"author":[{"embeddable":true,"href":"https:\/\/masquenoticiastucuman.com.ar\/index.php?rest_route=\/wp\/v2\/users\/1"}],"replies":[{"embeddable":true,"href":"https:\/\/masquenoticiastucuman.com.ar\/index.php?rest_route=%2Fwp%2Fv2%2Fcomments&post=53130"}],"version-history":[{"count":0,"href":"https:\/\/masquenoticiastucuman.com.ar\/index.php?rest_route=\/wp\/v2\/posts\/53130\/revisions"}],"wp:attachment":[{"href":"https:\/\/masquenoticiastucuman.com.ar\/index.php?rest_route=%2Fwp%2Fv2%2Fmedia&parent=53130"}],"wp:term":[{"taxonomy":"category","embeddable":true,"href":"https:\/\/masquenoticiastucuman.com.ar\/index.php?rest_route=%2Fwp%2Fv2%2Fcategories&post=53130"},{"taxonomy":"post_tag","embeddable":true,"href":"https:\/\/masquenoticiastucuman.com.ar\/index.php?rest_route=%2Fwp%2Fv2%2Ftags&post=53130"}],"curies":[{"name":"wp","href":"https:\/\/api.w.org\/{rel}","templated":true}]}}