{"id":53132,"date":"2025-12-29T15:00:36","date_gmt":"2025-12-29T18:00:36","guid":{"rendered":"http:\/\/masquenoticiastucuman.com.ar\/?p=53132"},"modified":"2025-12-29T15:00:36","modified_gmt":"2025-12-29T18:00:36","slug":"se-retrajo-el-consumo-en-la-ciudad-zafaron-los-super-pero-hubo-un-derrumbe-en-shoppings-y-mayoristas-en-el-tercer-trimestre","status":"publish","type":"post","link":"https:\/\/masquenoticiastucuman.com.ar\/?p=53132","title":{"rendered":"Se retrajo el consumo en la Ciudad: zafaron los s\u00faper, pero hubo un derrumbe en shoppings y mayoristas en el tercer trimestre"},"content":{"rendered":"<ul>\n<li>Son datos oficiales del Instituto de Estad\u00edstica y Censos porte\u00f1o.<\/li>\n<li>En el acumulado del a\u00f1o, a septiembre, los s\u00faper y shoppings aun se mantienen en positivo.<\/li>\n<\/ul>\n<p>\u200bSon datos oficiales del Instituto de Estad\u00edstica y Censos porte\u00f1o.En el acumulado del a\u00f1o, a septiembre, los s\u00faper y shoppings aun se mantienen en positivo.\u00a0<a href=\"https:\/\/www.clarin.com\/economia\/retrajo-consumo-ciudad-zafaron-super-derrumbe-shoppings-mayoristas-tercer-trimestre_0_PpLRn1INNo.html\" target=\"_blank\" class=\"feedzy-rss-link-icon\">Read More<\/a><\/p>","protected":false},"excerpt":{"rendered":"<p>Son datos oficiales del Instituto de Estad\u00edstica y Censos porte\u00f1o. En el acumulado del a\u00f1o,&#8230;<\/p>\n","protected":false},"author":1,"featured_media":0,"comment_status":"open","ping_status":"open","sticky":false,"template":"","format":"standard","meta":{"footnotes":""},"categories":[3],"tags":[],"class_list":["post-53132","post","type-post","status-publish","format-standard","has-post-thumbnail","hentry","category-nacionales"],"_links":{"self":[{"href":"https:\/\/masquenoticiastucuman.com.ar\/index.php?rest_route=\/wp\/v2\/posts\/53132","targetHints":{"allow":["GET"]}}],"collection":[{"href":"https:\/\/masquenoticiastucuman.com.ar\/index.php?rest_route=\/wp\/v2\/posts"}],"about":[{"href":"https:\/\/masquenoticiastucuman.com.ar\/index.php?rest_route=\/wp\/v2\/types\/post"}],"author":[{"embeddable":true,"href":"https:\/\/masquenoticiastucuman.com.ar\/index.php?rest_route=\/wp\/v2\/users\/1"}],"replies":[{"embeddable":true,"href":"https:\/\/masquenoticiastucuman.com.ar\/index.php?rest_route=%2Fwp%2Fv2%2Fcomments&post=53132"}],"version-history":[{"count":0,"href":"https:\/\/masquenoticiastucuman.com.ar\/index.php?rest_route=\/wp\/v2\/posts\/53132\/revisions"}],"wp:attachment":[{"href":"https:\/\/masquenoticiastucuman.com.ar\/index.php?rest_route=%2Fwp%2Fv2%2Fmedia&parent=53132"}],"wp:term":[{"taxonomy":"category","embeddable":true,"href":"https:\/\/masquenoticiastucuman.com.ar\/index.php?rest_route=%2Fwp%2Fv2%2Fcategories&post=53132"},{"taxonomy":"post_tag","embeddable":true,"href":"https:\/\/masquenoticiastucuman.com.ar\/index.php?rest_route=%2Fwp%2Fv2%2Ftags&post=53132"}],"curies":[{"name":"wp","href":"https:\/\/api.w.org\/{rel}","templated":true}]}}