{"id":53133,"date":"2025-12-29T14:36:36","date_gmt":"2025-12-29T17:36:36","guid":{"rendered":"http:\/\/masquenoticiastucuman.com.ar\/?p=53133"},"modified":"2025-12-29T14:36:36","modified_gmt":"2025-12-29T17:36:36","slug":"hablo-ahmed-al-ahmed-el-verdulero-heroe-de-sidney-conto-que-le-dijo-al-terrorista-cuando-le-saco-el-arma","status":"publish","type":"post","link":"https:\/\/masquenoticiastucuman.com.ar\/?p=53133","title":{"rendered":"Habl\u00f3 Ahmed al-Ahmed, el verdulero h\u00e9roe de S\u00eddney, cont\u00f3 qu\u00e9 le dijo al terrorista cuando le sac\u00f3 el arma"},"content":{"rendered":"<ul>\n<li>En una entrevista, reconstruy\u00f3 su intervenci\u00f3n para frenar el ataque de Bondi Beach y cont\u00f3 por qu\u00e9 lo hizo.<\/li>\n<li>&#8220;Salv\u00e9 muchas vidas, pero lo siento por las que se perdieron&#8221;, se lament\u00f3.<\/li>\n<\/ul>\n<p>\u200bEn una entrevista, reconstruy\u00f3 su intervenci\u00f3n para frenar el ataque de Bondi Beach y cont\u00f3 por qu\u00e9 lo hizo.&#8221;Salv\u00e9 muchas vidas, pero lo siento por las que se perdieron&#8221;, se lament\u00f3.\u00a0<a href=\"https:\/\/www.clarin.com\/mundo\/hablo-ahmed-ahmed-verdulero-heroe-atentado-sidney-queria-ver-gente-morir-delante_0_kJis4SQHFJ.html\" target=\"_blank\" class=\"feedzy-rss-link-icon\">Read More<\/a><\/p>","protected":false},"excerpt":{"rendered":"<p>En una entrevista, reconstruy\u00f3 su intervenci\u00f3n para frenar el ataque de Bondi Beach y cont\u00f3&#8230;<\/p>\n","protected":false},"author":1,"featured_media":53134,"comment_status":"open","ping_status":"open","sticky":false,"template":"","format":"standard","meta":{"footnotes":""},"categories":[4],"tags":[],"class_list":["post-53133","post","type-post","status-publish","format-standard","has-post-thumbnail","hentry","category-internacionales"],"_links":{"self":[{"href":"https:\/\/masquenoticiastucuman.com.ar\/index.php?rest_route=\/wp\/v2\/posts\/53133","targetHints":{"allow":["GET"]}}],"collection":[{"href":"https:\/\/masquenoticiastucuman.com.ar\/index.php?rest_route=\/wp\/v2\/posts"}],"about":[{"href":"https:\/\/masquenoticiastucuman.com.ar\/index.php?rest_route=\/wp\/v2\/types\/post"}],"author":[{"embeddable":true,"href":"https:\/\/masquenoticiastucuman.com.ar\/index.php?rest_route=\/wp\/v2\/users\/1"}],"replies":[{"embeddable":true,"href":"https:\/\/masquenoticiastucuman.com.ar\/index.php?rest_route=%2Fwp%2Fv2%2Fcomments&post=53133"}],"version-history":[{"count":0,"href":"https:\/\/masquenoticiastucuman.com.ar\/index.php?rest_route=\/wp\/v2\/posts\/53133\/revisions"}],"wp:featuredmedia":[{"embeddable":true,"href":"https:\/\/masquenoticiastucuman.com.ar\/index.php?rest_route=\/wp\/v2\/media\/53134"}],"wp:attachment":[{"href":"https:\/\/masquenoticiastucuman.com.ar\/index.php?rest_route=%2Fwp%2Fv2%2Fmedia&parent=53133"}],"wp:term":[{"taxonomy":"category","embeddable":true,"href":"https:\/\/masquenoticiastucuman.com.ar\/index.php?rest_route=%2Fwp%2Fv2%2Fcategories&post=53133"},{"taxonomy":"post_tag","embeddable":true,"href":"https:\/\/masquenoticiastucuman.com.ar\/index.php?rest_route=%2Fwp%2Fv2%2Ftags&post=53133"}],"curies":[{"name":"wp","href":"https:\/\/api.w.org\/{rel}","templated":true}]}}