{"id":53135,"date":"2025-12-29T15:45:49","date_gmt":"2025-12-29T18:45:49","guid":{"rendered":"http:\/\/masquenoticiastucuman.com.ar\/?p=53135"},"modified":"2025-12-29T15:45:49","modified_gmt":"2025-12-29T18:45:49","slug":"fin-de-la-novela-en-brasil-filipe-luis-renovo-su-contrato-y-seguira-siendo-entrenador-del-flamengo","status":"publish","type":"post","link":"https:\/\/masquenoticiastucuman.com.ar\/?p=53135","title":{"rendered":"Fin de la novela en Brasil: Filipe Luis renov\u00f3 su contrato y seguir\u00e1 siendo entrenador del Flamengo"},"content":{"rendered":"<ul>\n<li>Despu\u00e9s de varios d\u00edas de tire y afloje, el joven entrenador de 40 a\u00f1os renov\u00f3 su v\u00ednculo con el Mengao hasta diciembre de 2027. <\/li>\n<li>Las altas exigencias econ\u00f3micas del ex lateral izquierdo, quien hab\u00eda sido el peor pago del Brasileirao en la temporada.<\/li>\n<li>Cerr\u00f3 el 2025 siendo campe\u00f3n del Brasileirao y la Copa Libertadores. <\/li>\n<\/ul>\n<p><\/p>\n<p>\u200bDespu\u00e9s de varios d\u00edas de tire y afloje, el joven entrenador de 40 a\u00f1os renov\u00f3 su v\u00ednculo con el Mengao hasta diciembre de 2027. Las altas exigencias econ\u00f3micas del ex lateral izquierdo, quien hab\u00eda sido el peor pago del Brasileirao en la temporada.Cerr\u00f3 el 2025 siendo campe\u00f3n del Brasileirao y la Copa Libertadores.\u00a0<a href=\"https:\/\/www.clarin.com\/deportes\/fin-novela-brasil-filipe-luis-renovo-contrato-seguira-entrenador-flamengo_0_omn6JWPzcp.html\" target=\"_blank\" class=\"feedzy-rss-link-icon\">Read More<\/a><\/p>","protected":false},"excerpt":{"rendered":"<p>Despu\u00e9s de varios d\u00edas de tire y afloje, el joven entrenador de 40 a\u00f1os renov\u00f3&#8230;<\/p>\n","protected":false},"author":1,"featured_media":0,"comment_status":"open","ping_status":"open","sticky":false,"template":"","format":"standard","meta":{"footnotes":""},"categories":[6],"tags":[],"class_list":["post-53135","post","type-post","status-publish","format-standard","has-post-thumbnail","hentry","category-deportes"],"_links":{"self":[{"href":"https:\/\/masquenoticiastucuman.com.ar\/index.php?rest_route=\/wp\/v2\/posts\/53135","targetHints":{"allow":["GET"]}}],"collection":[{"href":"https:\/\/masquenoticiastucuman.com.ar\/index.php?rest_route=\/wp\/v2\/posts"}],"about":[{"href":"https:\/\/masquenoticiastucuman.com.ar\/index.php?rest_route=\/wp\/v2\/types\/post"}],"author":[{"embeddable":true,"href":"https:\/\/masquenoticiastucuman.com.ar\/index.php?rest_route=\/wp\/v2\/users\/1"}],"replies":[{"embeddable":true,"href":"https:\/\/masquenoticiastucuman.com.ar\/index.php?rest_route=%2Fwp%2Fv2%2Fcomments&post=53135"}],"version-history":[{"count":0,"href":"https:\/\/masquenoticiastucuman.com.ar\/index.php?rest_route=\/wp\/v2\/posts\/53135\/revisions"}],"wp:attachment":[{"href":"https:\/\/masquenoticiastucuman.com.ar\/index.php?rest_route=%2Fwp%2Fv2%2Fmedia&parent=53135"}],"wp:term":[{"taxonomy":"category","embeddable":true,"href":"https:\/\/masquenoticiastucuman.com.ar\/index.php?rest_route=%2Fwp%2Fv2%2Fcategories&post=53135"},{"taxonomy":"post_tag","embeddable":true,"href":"https:\/\/masquenoticiastucuman.com.ar\/index.php?rest_route=%2Fwp%2Fv2%2Ftags&post=53135"}],"curies":[{"name":"wp","href":"https:\/\/api.w.org\/{rel}","templated":true}]}}