{"id":53139,"date":"2025-12-29T17:12:46","date_gmt":"2025-12-29T20:12:46","guid":{"rendered":"http:\/\/masquenoticiastucuman.com.ar\/?p=53139"},"modified":"2025-12-29T17:12:46","modified_gmt":"2025-12-29T20:12:46","slug":"donald-trump-dijo-que-estados-unidos-destruyo-una-zona-portuaria-de-venezuela-usada-por-narcos-hubo-una-gran-explosion","status":"publish","type":"post","link":"https:\/\/masquenoticiastucuman.com.ar\/?p=53139","title":{"rendered":"Donald Trump dijo que Estados Unidos destruy\u00f3 una zona portuaria de Venezuela usada por narcos: &#8220;Hubo una gran explosi\u00f3n&#8221;"},"content":{"rendered":"<ul>\n<li>Asegur\u00f3 que all\u00ed cargaban drogas en barcos, sin dar precisiones sobre el lugar.<\/li>\n<li>Ser\u00eda el primer ataque terrestre desde el inicio de su ofensiva contra Nicol\u00e1s Maduro.<\/li>\n<\/ul>\n<p>\u200bAsegur\u00f3 que all\u00ed cargaban drogas en barcos, sin dar precisiones sobre el lugar.Ser\u00eda el primer ataque terrestre desde el inicio de su ofensiva contra Nicol\u00e1s Maduro.\u00a0<a href=\"https:\/\/www.clarin.com\/mundo\/donald-trump-dijo-estados-unidos-destruyo-zona-portuaria-venezuela-usada-narcos-gran-explosion_0_2L5AppLY2M.html\" target=\"_blank\" class=\"feedzy-rss-link-icon\">Read More<\/a><\/p>","protected":false},"excerpt":{"rendered":"<p>Asegur\u00f3 que all\u00ed cargaban drogas en barcos, sin dar precisiones sobre el lugar. Ser\u00eda el&#8230;<\/p>\n","protected":false},"author":1,"featured_media":53140,"comment_status":"open","ping_status":"open","sticky":false,"template":"","format":"standard","meta":{"footnotes":""},"categories":[4],"tags":[],"class_list":["post-53139","post","type-post","status-publish","format-standard","has-post-thumbnail","hentry","category-internacionales"],"_links":{"self":[{"href":"https:\/\/masquenoticiastucuman.com.ar\/index.php?rest_route=\/wp\/v2\/posts\/53139","targetHints":{"allow":["GET"]}}],"collection":[{"href":"https:\/\/masquenoticiastucuman.com.ar\/index.php?rest_route=\/wp\/v2\/posts"}],"about":[{"href":"https:\/\/masquenoticiastucuman.com.ar\/index.php?rest_route=\/wp\/v2\/types\/post"}],"author":[{"embeddable":true,"href":"https:\/\/masquenoticiastucuman.com.ar\/index.php?rest_route=\/wp\/v2\/users\/1"}],"replies":[{"embeddable":true,"href":"https:\/\/masquenoticiastucuman.com.ar\/index.php?rest_route=%2Fwp%2Fv2%2Fcomments&post=53139"}],"version-history":[{"count":0,"href":"https:\/\/masquenoticiastucuman.com.ar\/index.php?rest_route=\/wp\/v2\/posts\/53139\/revisions"}],"wp:featuredmedia":[{"embeddable":true,"href":"https:\/\/masquenoticiastucuman.com.ar\/index.php?rest_route=\/wp\/v2\/media\/53140"}],"wp:attachment":[{"href":"https:\/\/masquenoticiastucuman.com.ar\/index.php?rest_route=%2Fwp%2Fv2%2Fmedia&parent=53139"}],"wp:term":[{"taxonomy":"category","embeddable":true,"href":"https:\/\/masquenoticiastucuman.com.ar\/index.php?rest_route=%2Fwp%2Fv2%2Fcategories&post=53139"},{"taxonomy":"post_tag","embeddable":true,"href":"https:\/\/masquenoticiastucuman.com.ar\/index.php?rest_route=%2Fwp%2Fv2%2Ftags&post=53139"}],"curies":[{"name":"wp","href":"https:\/\/api.w.org\/{rel}","templated":true}]}}