{"id":53141,"date":"2025-12-29T16:48:12","date_gmt":"2025-12-29T19:48:12","guid":{"rendered":"http:\/\/masquenoticiastucuman.com.ar\/?p=53141"},"modified":"2025-12-29T16:48:12","modified_gmt":"2025-12-29T19:48:12","slug":"no-me-gusta-trump-hablo-sobre-el-ataque-a-la-residencia-de-putin-en-medio-de-las-negociaciones-por-la-paz","status":"publish","type":"post","link":"https:\/\/masquenoticiastucuman.com.ar\/?p=53141","title":{"rendered":"&#8220;No me gusta&#8221;: Trump habl\u00f3 sobre el ataque a la residencia de Putin en medio de las negociaciones por la paz"},"content":{"rendered":"<ul>\n<li>El presidente estadounidense aludi\u00f3 a la denuncia que hizo el Kremlin sobre el asedio hacia la casa del mandatario.<\/li>\n<li> Vladimir Putin sostuvo que la situaci\u00f3n podr\u00edan llevarlo a rever su postura sobre los acuerdos alcanzados con Ucrania.<\/li>\n<\/ul>\n<p>\u200bEl presidente estadounidense aludi\u00f3 a la denuncia que hizo el Kremlin sobre el asedio hacia la casa del mandatario. Vladimir Putin sostuvo que la situaci\u00f3n podr\u00edan llevarlo a rever su postura sobre los acuerdos alcanzados con Ucrania.\u00a0<a href=\"https:\/\/www.clarin.com\/mundo\/gusta-trump-hablo-ataque-residencia-putin-medio-negociaciones-paz_0_CBu0V4peNy.html\" target=\"_blank\" class=\"feedzy-rss-link-icon\">Read More<\/a><\/p>","protected":false},"excerpt":{"rendered":"<p>El presidente estadounidense aludi\u00f3 a la denuncia que hizo el Kremlin sobre el asedio hacia&#8230;<\/p>\n","protected":false},"author":1,"featured_media":53142,"comment_status":"open","ping_status":"open","sticky":false,"template":"","format":"standard","meta":{"footnotes":""},"categories":[4],"tags":[],"class_list":["post-53141","post","type-post","status-publish","format-standard","has-post-thumbnail","hentry","category-internacionales"],"_links":{"self":[{"href":"https:\/\/masquenoticiastucuman.com.ar\/index.php?rest_route=\/wp\/v2\/posts\/53141","targetHints":{"allow":["GET"]}}],"collection":[{"href":"https:\/\/masquenoticiastucuman.com.ar\/index.php?rest_route=\/wp\/v2\/posts"}],"about":[{"href":"https:\/\/masquenoticiastucuman.com.ar\/index.php?rest_route=\/wp\/v2\/types\/post"}],"author":[{"embeddable":true,"href":"https:\/\/masquenoticiastucuman.com.ar\/index.php?rest_route=\/wp\/v2\/users\/1"}],"replies":[{"embeddable":true,"href":"https:\/\/masquenoticiastucuman.com.ar\/index.php?rest_route=%2Fwp%2Fv2%2Fcomments&post=53141"}],"version-history":[{"count":0,"href":"https:\/\/masquenoticiastucuman.com.ar\/index.php?rest_route=\/wp\/v2\/posts\/53141\/revisions"}],"wp:featuredmedia":[{"embeddable":true,"href":"https:\/\/masquenoticiastucuman.com.ar\/index.php?rest_route=\/wp\/v2\/media\/53142"}],"wp:attachment":[{"href":"https:\/\/masquenoticiastucuman.com.ar\/index.php?rest_route=%2Fwp%2Fv2%2Fmedia&parent=53141"}],"wp:term":[{"taxonomy":"category","embeddable":true,"href":"https:\/\/masquenoticiastucuman.com.ar\/index.php?rest_route=%2Fwp%2Fv2%2Fcategories&post=53141"},{"taxonomy":"post_tag","embeddable":true,"href":"https:\/\/masquenoticiastucuman.com.ar\/index.php?rest_route=%2Fwp%2Fv2%2Ftags&post=53141"}],"curies":[{"name":"wp","href":"https:\/\/api.w.org\/{rel}","templated":true}]}}