{"id":53144,"date":"2025-12-29T18:00:22","date_gmt":"2025-12-29T21:00:22","guid":{"rendered":"http:\/\/masquenoticiastucuman.com.ar\/?p=53144"},"modified":"2025-12-29T18:00:22","modified_gmt":"2025-12-29T21:00:22","slug":"duvan-vergara-mantuvo-en-vilo-a-su-familia-y-a-los-hinchas-de-racing-alquilo-un-quirofano-estuvo-dos-dias-sin-comer-y-se-sometio-a-una-sesion-de-tatuaje-de-9-horas","status":"publish","type":"post","link":"https:\/\/masquenoticiastucuman.com.ar\/?p=53144","title":{"rendered":"Duv\u00e1n Vergara mantuvo en vilo a su familia y a los hinchas de Racing: alquil\u00f3 un quir\u00f3fano, estuvo dos d\u00edas sin comer y se someti\u00f3 a una sesi\u00f3n de tatuaje de 9 horas"},"content":{"rendered":"<ul>\n<li>El extremo de la Academia transmiti\u00f3 todo el proceso en su canal de Youtube.<\/li>\n<li>Seg\u00fan el mismo detall\u00f3, se someti\u00f3 a un ayuno de 24 horas y permaneci\u00f3 nueve horas en un quir\u00f3fano de Cali.<\/li>\n<\/ul>\n<p>\u200bEl extremo de la Academia transmiti\u00f3 todo el proceso en su canal de Youtube.Seg\u00fan el mismo detall\u00f3, se someti\u00f3 a un ayuno de 24 horas y permaneci\u00f3 nueve horas en un quir\u00f3fano de Cali.\u00a0<a href=\"https:\/\/www.clarin.com\/deportes\/duvan-vergara-mantuvo-vilo-familia-hinchas-racing-alquilo-quirofano-dias-comer-sometio-sesion-tatuaje-9-horas_0_CBRWZACsvY.html\" target=\"_blank\" class=\"feedzy-rss-link-icon\">Read More<\/a><\/p>","protected":false},"excerpt":{"rendered":"<p>El extremo de la Academia transmiti\u00f3 todo el proceso en su canal de Youtube. Seg\u00fan&#8230;<\/p>\n","protected":false},"author":1,"featured_media":0,"comment_status":"open","ping_status":"open","sticky":false,"template":"","format":"standard","meta":{"footnotes":""},"categories":[6],"tags":[],"class_list":["post-53144","post","type-post","status-publish","format-standard","has-post-thumbnail","hentry","category-deportes"],"_links":{"self":[{"href":"https:\/\/masquenoticiastucuman.com.ar\/index.php?rest_route=\/wp\/v2\/posts\/53144","targetHints":{"allow":["GET"]}}],"collection":[{"href":"https:\/\/masquenoticiastucuman.com.ar\/index.php?rest_route=\/wp\/v2\/posts"}],"about":[{"href":"https:\/\/masquenoticiastucuman.com.ar\/index.php?rest_route=\/wp\/v2\/types\/post"}],"author":[{"embeddable":true,"href":"https:\/\/masquenoticiastucuman.com.ar\/index.php?rest_route=\/wp\/v2\/users\/1"}],"replies":[{"embeddable":true,"href":"https:\/\/masquenoticiastucuman.com.ar\/index.php?rest_route=%2Fwp%2Fv2%2Fcomments&post=53144"}],"version-history":[{"count":0,"href":"https:\/\/masquenoticiastucuman.com.ar\/index.php?rest_route=\/wp\/v2\/posts\/53144\/revisions"}],"wp:attachment":[{"href":"https:\/\/masquenoticiastucuman.com.ar\/index.php?rest_route=%2Fwp%2Fv2%2Fmedia&parent=53144"}],"wp:term":[{"taxonomy":"category","embeddable":true,"href":"https:\/\/masquenoticiastucuman.com.ar\/index.php?rest_route=%2Fwp%2Fv2%2Fcategories&post=53144"},{"taxonomy":"post_tag","embeddable":true,"href":"https:\/\/masquenoticiastucuman.com.ar\/index.php?rest_route=%2Fwp%2Fv2%2Ftags&post=53144"}],"curies":[{"name":"wp","href":"https:\/\/api.w.org\/{rel}","templated":true}]}}