{"id":53151,"date":"2025-12-29T20:33:07","date_gmt":"2025-12-29T23:33:07","guid":{"rendered":"http:\/\/masquenoticiastucuman.com.ar\/?p=53151"},"modified":"2025-12-29T20:33:07","modified_gmt":"2025-12-29T23:33:07","slug":"el-conmovedor-mensaje-de-la-esposa-de-schumacher-a-12-anos-del-accidente-que-cambio-sus-vidas-extrano-a-michael-esta-aqui-pero-de-forma-diferente","status":"publish","type":"post","link":"https:\/\/masquenoticiastucuman.com.ar\/?p=53151","title":{"rendered":"El conmovedor mensaje de la esposa de Schumacher a 12 a\u00f1os del accidente que cambi\u00f3 sus vidas: \u201cExtra\u00f1o a Michael, est\u00e1 aqu\u00ed, pero de forma diferente\u201d"},"content":{"rendered":"<ul>\n<li>Corinna, pareja del ex piloto, comparti\u00f3 unas emotivas palabras desde la cuenta oficial del siete veces campe\u00f3n de la m\u00e1xima categor\u00eda del automovilismo.<\/li>\n<li>Actualmente, s\u00f3lo nueve personas pueden visitarlo en su residencia suiza.<\/li>\n<\/ul>\n<p>\u200bCorinna, pareja del ex piloto, comparti\u00f3 unas emotivas palabras desde la cuenta oficial del siete veces campe\u00f3n de la m\u00e1xima categor\u00eda del automovilismo.Actualmente, s\u00f3lo nueve personas pueden visitarlo en su residencia suiza.\u00a0<a href=\"https:\/\/www.clarin.com\/deportes\/conmovedor-mensaje-esposa-schumacher-12-anos-accidente-cambio-vidas-extrano-michael-forma-diferente_0_ihqLK7kfTP.html\" target=\"_blank\" class=\"feedzy-rss-link-icon\">Read More<\/a><\/p>","protected":false},"excerpt":{"rendered":"<p>Corinna, pareja del ex piloto, comparti\u00f3 unas emotivas palabras desde la cuenta oficial del siete&#8230;<\/p>\n","protected":false},"author":1,"featured_media":0,"comment_status":"open","ping_status":"open","sticky":false,"template":"","format":"standard","meta":{"footnotes":""},"categories":[6],"tags":[],"class_list":["post-53151","post","type-post","status-publish","format-standard","has-post-thumbnail","hentry","category-deportes"],"_links":{"self":[{"href":"https:\/\/masquenoticiastucuman.com.ar\/index.php?rest_route=\/wp\/v2\/posts\/53151","targetHints":{"allow":["GET"]}}],"collection":[{"href":"https:\/\/masquenoticiastucuman.com.ar\/index.php?rest_route=\/wp\/v2\/posts"}],"about":[{"href":"https:\/\/masquenoticiastucuman.com.ar\/index.php?rest_route=\/wp\/v2\/types\/post"}],"author":[{"embeddable":true,"href":"https:\/\/masquenoticiastucuman.com.ar\/index.php?rest_route=\/wp\/v2\/users\/1"}],"replies":[{"embeddable":true,"href":"https:\/\/masquenoticiastucuman.com.ar\/index.php?rest_route=%2Fwp%2Fv2%2Fcomments&post=53151"}],"version-history":[{"count":0,"href":"https:\/\/masquenoticiastucuman.com.ar\/index.php?rest_route=\/wp\/v2\/posts\/53151\/revisions"}],"wp:attachment":[{"href":"https:\/\/masquenoticiastucuman.com.ar\/index.php?rest_route=%2Fwp%2Fv2%2Fmedia&parent=53151"}],"wp:term":[{"taxonomy":"category","embeddable":true,"href":"https:\/\/masquenoticiastucuman.com.ar\/index.php?rest_route=%2Fwp%2Fv2%2Fcategories&post=53151"},{"taxonomy":"post_tag","embeddable":true,"href":"https:\/\/masquenoticiastucuman.com.ar\/index.php?rest_route=%2Fwp%2Fv2%2Ftags&post=53151"}],"curies":[{"name":"wp","href":"https:\/\/api.w.org\/{rel}","templated":true}]}}