{"id":53194,"date":"2025-12-30T14:46:18","date_gmt":"2025-12-30T17:46:18","guid":{"rendered":"http:\/\/masquenoticiastucuman.com.ar\/?p=53194"},"modified":"2025-12-30T14:46:18","modified_gmt":"2025-12-30T17:46:18","slug":"gastos-en-viajes-al-exterior-a-pedido-de-scioli-el-banco-central-cambio-la-forma-de-medir-y-mostrara-una-menor-salida-de-dolares","status":"publish","type":"post","link":"https:\/\/masquenoticiastucuman.com.ar\/?p=53194","title":{"rendered":"Gastos en viajes al exterior: a pedido de Scioli, el Banco Central cambi\u00f3 la forma de medir y mostrar\u00e1 una menor salida de d\u00f3lares"},"content":{"rendered":"<ul>\n<li>El monto se redujo 23% por una diferenciaci\u00f3n de los gastos que aplic\u00f3 el BCRA.<\/li>\n<li>Con los datos actualizados de noviembre, los egresos pasan de US$ 13.350 millones a US$ 10.241 millones.<\/li>\n<\/ul>\n<p>\u200bEl monto se redujo 23% por una diferenciaci\u00f3n de los gastos que aplic\u00f3 el BCRA.Con los datos actualizados de noviembre, los egresos pasan de US$ 13.350 millones a US$ 10.241 millones.\u00a0<a href=\"https:\/\/www.clarin.com\/economia\/gastos-viajes-exterior-pedido-scioli-banco-central-cambio-forma-medir-mostrara-menor-salida-dolares_0_iHTtRguyFq.html\" target=\"_blank\" class=\"feedzy-rss-link-icon\">Read More<\/a><\/p>","protected":false},"excerpt":{"rendered":"<p>El monto se redujo 23% por una diferenciaci\u00f3n de los gastos que aplic\u00f3 el BCRA&#8230;.<\/p>\n","protected":false},"author":1,"featured_media":0,"comment_status":"open","ping_status":"open","sticky":false,"template":"","format":"standard","meta":{"footnotes":""},"categories":[3],"tags":[],"class_list":["post-53194","post","type-post","status-publish","format-standard","has-post-thumbnail","hentry","category-nacionales"],"_links":{"self":[{"href":"https:\/\/masquenoticiastucuman.com.ar\/index.php?rest_route=\/wp\/v2\/posts\/53194","targetHints":{"allow":["GET"]}}],"collection":[{"href":"https:\/\/masquenoticiastucuman.com.ar\/index.php?rest_route=\/wp\/v2\/posts"}],"about":[{"href":"https:\/\/masquenoticiastucuman.com.ar\/index.php?rest_route=\/wp\/v2\/types\/post"}],"author":[{"embeddable":true,"href":"https:\/\/masquenoticiastucuman.com.ar\/index.php?rest_route=\/wp\/v2\/users\/1"}],"replies":[{"embeddable":true,"href":"https:\/\/masquenoticiastucuman.com.ar\/index.php?rest_route=%2Fwp%2Fv2%2Fcomments&post=53194"}],"version-history":[{"count":0,"href":"https:\/\/masquenoticiastucuman.com.ar\/index.php?rest_route=\/wp\/v2\/posts\/53194\/revisions"}],"wp:attachment":[{"href":"https:\/\/masquenoticiastucuman.com.ar\/index.php?rest_route=%2Fwp%2Fv2%2Fmedia&parent=53194"}],"wp:term":[{"taxonomy":"category","embeddable":true,"href":"https:\/\/masquenoticiastucuman.com.ar\/index.php?rest_route=%2Fwp%2Fv2%2Fcategories&post=53194"},{"taxonomy":"post_tag","embeddable":true,"href":"https:\/\/masquenoticiastucuman.com.ar\/index.php?rest_route=%2Fwp%2Fv2%2Ftags&post=53194"}],"curies":[{"name":"wp","href":"https:\/\/api.w.org\/{rel}","templated":true}]}}