{"id":53198,"date":"2025-12-30T14:00:46","date_gmt":"2025-12-30T17:00:46","guid":{"rendered":"http:\/\/masquenoticiastucuman.com.ar\/?p=53198"},"modified":"2025-12-30T14:00:46","modified_gmt":"2025-12-30T17:00:46","slug":"la-lujosa-y-superprotegida-dacha-que-descubrio-stalin-y-ahora-es-de-vladimir-putin-el-supuesto-blanco-de-un-ataque-que-ucrania-desmiente","status":"publish","type":"post","link":"https:\/\/masquenoticiastucuman.com.ar\/?p=53198","title":{"rendered":"La lujosa y superprotegida &#8220;dacha&#8221; que descubri\u00f3 Stalin y ahora es de Vladimir Putin: el supuesto blanco de un ataque que Ucrania desmiente"},"content":{"rendered":"<ul>\n<li>Mosc\u00fa acusa a Kiev de haber intentado atacar la residencia del presidente de Rusia junto al lago Vald\u00e1i.<\/li>\n<li>Detalles de la propiedad por donde pasaron l\u00edderes sovi\u00e9ticos como Kruschev, Br\u00e9zhnev y hasta Boris Yeltsin.<\/li>\n<\/ul>\n<p>\u200bMosc\u00fa acusa a Kiev de haber intentado atacar la residencia del presidente de Rusia junto al lago Vald\u00e1i.Detalles de la propiedad por donde pasaron l\u00edderes sovi\u00e9ticos como Kruschev, Br\u00e9zhnev y hasta Boris Yeltsin.\u00a0<a href=\"https:\/\/www.clarin.com\/mundo\/lujosa-superprotegida-dacha-descubrio-stalin-ahora-vladimir-putin-supuesto-blanco-ataque-ucrania-desmiente_0_tNkjRuneHy.html\" target=\"_blank\" class=\"feedzy-rss-link-icon\">Read More<\/a><\/p>","protected":false},"excerpt":{"rendered":"<p>Mosc\u00fa acusa a Kiev de haber intentado atacar la residencia del presidente de Rusia junto&#8230;<\/p>\n","protected":false},"author":1,"featured_media":53199,"comment_status":"open","ping_status":"open","sticky":false,"template":"","format":"standard","meta":{"footnotes":""},"categories":[4],"tags":[],"class_list":["post-53198","post","type-post","status-publish","format-standard","has-post-thumbnail","hentry","category-internacionales"],"_links":{"self":[{"href":"https:\/\/masquenoticiastucuman.com.ar\/index.php?rest_route=\/wp\/v2\/posts\/53198","targetHints":{"allow":["GET"]}}],"collection":[{"href":"https:\/\/masquenoticiastucuman.com.ar\/index.php?rest_route=\/wp\/v2\/posts"}],"about":[{"href":"https:\/\/masquenoticiastucuman.com.ar\/index.php?rest_route=\/wp\/v2\/types\/post"}],"author":[{"embeddable":true,"href":"https:\/\/masquenoticiastucuman.com.ar\/index.php?rest_route=\/wp\/v2\/users\/1"}],"replies":[{"embeddable":true,"href":"https:\/\/masquenoticiastucuman.com.ar\/index.php?rest_route=%2Fwp%2Fv2%2Fcomments&post=53198"}],"version-history":[{"count":0,"href":"https:\/\/masquenoticiastucuman.com.ar\/index.php?rest_route=\/wp\/v2\/posts\/53198\/revisions"}],"wp:featuredmedia":[{"embeddable":true,"href":"https:\/\/masquenoticiastucuman.com.ar\/index.php?rest_route=\/wp\/v2\/media\/53199"}],"wp:attachment":[{"href":"https:\/\/masquenoticiastucuman.com.ar\/index.php?rest_route=%2Fwp%2Fv2%2Fmedia&parent=53198"}],"wp:term":[{"taxonomy":"category","embeddable":true,"href":"https:\/\/masquenoticiastucuman.com.ar\/index.php?rest_route=%2Fwp%2Fv2%2Fcategories&post=53198"},{"taxonomy":"post_tag","embeddable":true,"href":"https:\/\/masquenoticiastucuman.com.ar\/index.php?rest_route=%2Fwp%2Fv2%2Ftags&post=53198"}],"curies":[{"name":"wp","href":"https:\/\/api.w.org\/{rel}","templated":true}]}}