{"id":53242,"date":"2025-12-31T09:49:39","date_gmt":"2025-12-31T12:49:39","guid":{"rendered":"http:\/\/masquenoticiastucuman.com.ar\/?p=53242"},"modified":"2025-12-31T09:49:39","modified_gmt":"2025-12-31T12:49:39","slug":"el-papa-leon-xiv-recuerda-un-2025-marcado-por-la-guerra-y-la-muerte-del-anorado-francisco","status":"publish","type":"post","link":"https:\/\/masquenoticiastucuman.com.ar\/?p=53242","title":{"rendered":"El papa Le\u00f3n XIV recuerda un 2025 marcado por la guerra y la muerte del &#8220;a\u00f1orado&#8221; Francisco"},"content":{"rendered":"<ul>\n<li>En la \u00faltima audiencia general, el pont\u00edfice llam\u00f3 a &#8220;meditar sobre lo obtenido de Dios en el \u00faltimo a\u00f1o&#8221; y &#8220;hacer un honesto examen de conciencia&#8221;.<\/li>\n<li>Tambi\u00e9n celebr\u00f3 la experiencia del Jubileo, abierto por Bergoglio y que Prevost cerrar\u00e1 el 6 de enero.<\/li>\n<\/ul>\n<p>\u200bEn la \u00faltima audiencia general, el pont\u00edfice llam\u00f3 a &#8220;meditar sobre lo obtenido de Dios en el \u00faltimo a\u00f1o&#8221; y &#8220;hacer un honesto examen de conciencia&#8221;.Tambi\u00e9n celebr\u00f3 la experiencia del Jubileo, abierto por Bergoglio y que Prevost cerrar\u00e1 el 6 de enero.\u00a0<a href=\"https:\/\/www.clarin.com\/mundo\/papa-leon-xiv-recuerda-2025-marcado-guerra-muerte-anorado-francisco_0_vRrbMySRxS.html\" target=\"_blank\" class=\"feedzy-rss-link-icon\">Read More<\/a><\/p>","protected":false},"excerpt":{"rendered":"<p>En la \u00faltima audiencia general, el pont\u00edfice llam\u00f3 a &#8220;meditar sobre lo obtenido de Dios&#8230;<\/p>\n","protected":false},"author":1,"featured_media":53243,"comment_status":"open","ping_status":"open","sticky":false,"template":"","format":"standard","meta":{"footnotes":""},"categories":[4],"tags":[],"class_list":["post-53242","post","type-post","status-publish","format-standard","has-post-thumbnail","hentry","category-internacionales"],"_links":{"self":[{"href":"https:\/\/masquenoticiastucuman.com.ar\/index.php?rest_route=\/wp\/v2\/posts\/53242","targetHints":{"allow":["GET"]}}],"collection":[{"href":"https:\/\/masquenoticiastucuman.com.ar\/index.php?rest_route=\/wp\/v2\/posts"}],"about":[{"href":"https:\/\/masquenoticiastucuman.com.ar\/index.php?rest_route=\/wp\/v2\/types\/post"}],"author":[{"embeddable":true,"href":"https:\/\/masquenoticiastucuman.com.ar\/index.php?rest_route=\/wp\/v2\/users\/1"}],"replies":[{"embeddable":true,"href":"https:\/\/masquenoticiastucuman.com.ar\/index.php?rest_route=%2Fwp%2Fv2%2Fcomments&post=53242"}],"version-history":[{"count":0,"href":"https:\/\/masquenoticiastucuman.com.ar\/index.php?rest_route=\/wp\/v2\/posts\/53242\/revisions"}],"wp:featuredmedia":[{"embeddable":true,"href":"https:\/\/masquenoticiastucuman.com.ar\/index.php?rest_route=\/wp\/v2\/media\/53243"}],"wp:attachment":[{"href":"https:\/\/masquenoticiastucuman.com.ar\/index.php?rest_route=%2Fwp%2Fv2%2Fmedia&parent=53242"}],"wp:term":[{"taxonomy":"category","embeddable":true,"href":"https:\/\/masquenoticiastucuman.com.ar\/index.php?rest_route=%2Fwp%2Fv2%2Fcategories&post=53242"},{"taxonomy":"post_tag","embeddable":true,"href":"https:\/\/masquenoticiastucuman.com.ar\/index.php?rest_route=%2Fwp%2Fv2%2Ftags&post=53242"}],"curies":[{"name":"wp","href":"https:\/\/api.w.org\/{rel}","templated":true}]}}