{"id":53262,"date":"2025-12-31T15:09:33","date_gmt":"2025-12-31T18:09:33","guid":{"rendered":"http:\/\/masquenoticiastucuman.com.ar\/?p=53262"},"modified":"2025-12-31T15:09:33","modified_gmt":"2025-12-31T18:09:33","slug":"el-baile-de-nicolas-maduro-tras-el-ataque-anunciado-por-trump-en-venezuela-no-crazy-war","status":"publish","type":"post","link":"https:\/\/masquenoticiastucuman.com.ar\/?p=53262","title":{"rendered":"El baile de Nicol\u00e1s Maduro tras el ataque anunciado por Trump en Venezuela: &#8220;No crazy war&#8221;"},"content":{"rendered":"<ul>\n<li>El presidente del pa\u00eds caribe\u00f1o eligi\u00f3 un pegadizo ritmo para pedir por la paz en la regi\u00f3n. <\/li>\n<li>Ocurri\u00f3 en medio del despliegue militar que Estados Unidos mantiene frente a sus costas.<\/li>\n<\/ul>\n<p>\u200bEl presidente del pa\u00eds caribe\u00f1o eligi\u00f3 un pegadizo ritmo para pedir por la paz en la regi\u00f3n. Ocurri\u00f3 en medio del despliegue militar que Estados Unidos mantiene frente a sus costas.\u00a0<a href=\"https:\/\/www.clarin.com\/mundo\/baile-nicolas-maduro-ataque-anunciado-trump-venezuela-crazy-war_0_5Hm3BLJhbU.html\" target=\"_blank\" class=\"feedzy-rss-link-icon\">Read More<\/a><\/p>","protected":false},"excerpt":{"rendered":"<p>El presidente del pa\u00eds caribe\u00f1o eligi\u00f3 un pegadizo ritmo para pedir por la paz en&#8230;<\/p>\n","protected":false},"author":1,"featured_media":53263,"comment_status":"open","ping_status":"open","sticky":false,"template":"","format":"standard","meta":{"footnotes":""},"categories":[4],"tags":[],"class_list":["post-53262","post","type-post","status-publish","format-standard","has-post-thumbnail","hentry","category-internacionales"],"_links":{"self":[{"href":"https:\/\/masquenoticiastucuman.com.ar\/index.php?rest_route=\/wp\/v2\/posts\/53262","targetHints":{"allow":["GET"]}}],"collection":[{"href":"https:\/\/masquenoticiastucuman.com.ar\/index.php?rest_route=\/wp\/v2\/posts"}],"about":[{"href":"https:\/\/masquenoticiastucuman.com.ar\/index.php?rest_route=\/wp\/v2\/types\/post"}],"author":[{"embeddable":true,"href":"https:\/\/masquenoticiastucuman.com.ar\/index.php?rest_route=\/wp\/v2\/users\/1"}],"replies":[{"embeddable":true,"href":"https:\/\/masquenoticiastucuman.com.ar\/index.php?rest_route=%2Fwp%2Fv2%2Fcomments&post=53262"}],"version-history":[{"count":0,"href":"https:\/\/masquenoticiastucuman.com.ar\/index.php?rest_route=\/wp\/v2\/posts\/53262\/revisions"}],"wp:featuredmedia":[{"embeddable":true,"href":"https:\/\/masquenoticiastucuman.com.ar\/index.php?rest_route=\/wp\/v2\/media\/53263"}],"wp:attachment":[{"href":"https:\/\/masquenoticiastucuman.com.ar\/index.php?rest_route=%2Fwp%2Fv2%2Fmedia&parent=53262"}],"wp:term":[{"taxonomy":"category","embeddable":true,"href":"https:\/\/masquenoticiastucuman.com.ar\/index.php?rest_route=%2Fwp%2Fv2%2Fcategories&post=53262"},{"taxonomy":"post_tag","embeddable":true,"href":"https:\/\/masquenoticiastucuman.com.ar\/index.php?rest_route=%2Fwp%2Fv2%2Ftags&post=53262"}],"curies":[{"name":"wp","href":"https:\/\/api.w.org\/{rel}","templated":true}]}}