{"id":53266,"date":"2025-12-31T15:02:37","date_gmt":"2025-12-31T18:02:37","guid":{"rendered":"http:\/\/masquenoticiastucuman.com.ar\/?p=53266"},"modified":"2025-12-31T15:02:37","modified_gmt":"2025-12-31T18:02:37","slug":"stranger-things-y-la-jugada-decision-de-cerrar-la-serie-un-31-de-diciembre-por-que-bajo-la-expectativa-entre-los-fans","status":"publish","type":"post","link":"https:\/\/masquenoticiastucuman.com.ar\/?p=53266","title":{"rendered":"&#8220;Stranger Things&#8221; y la jugada decisi\u00f3n de cerrar la serie un 31 de diciembre: por qu\u00e9 baj\u00f3 la expectativa entre los fans"},"content":{"rendered":"<ul>\n<li>La despedida de una de las ficciones m\u00e1s exitosas e influyentes de Netflix lleg\u00f3 envuelta en una estrategia ambiciosa que no se sabe si funcionar\u00e1.<\/li>\n<li>Entre un horario inc\u00f3modo, lanzamientos fragmentados y decisiones que impactaron distinto seg\u00fan el pa\u00eds, <strong>el final perdi\u00f3 fuerza como evento global<\/strong>.<\/li>\n<\/ul>\n<p>\u200bLa despedida de una de las ficciones m\u00e1s exitosas e influyentes de Netflix lleg\u00f3 envuelta en una estrategia ambiciosa que no se sabe si funcionar\u00e1.Entre un horario inc\u00f3modo, lanzamientos fragmentados y decisiones que impactaron distinto seg\u00fan el pa\u00eds, el final perdi\u00f3 fuerza como evento global.\u00a0<a href=\"https:\/\/www.clarin.com\/espectaculos\/stranger-things-jugada-decision-cerrar-serie-31-diciembre-expectativa-fans_0_lJ3jVxtUCG.html\" target=\"_blank\" class=\"feedzy-rss-link-icon\">Read More<\/a><\/p>","protected":false},"excerpt":{"rendered":"<p>La despedida de una de las ficciones m\u00e1s exitosas e influyentes de Netflix lleg\u00f3 envuelta&#8230;<\/p>\n","protected":false},"author":1,"featured_media":0,"comment_status":"open","ping_status":"open","sticky":false,"template":"","format":"standard","meta":{"footnotes":""},"categories":[5],"tags":[],"class_list":["post-53266","post","type-post","status-publish","format-standard","has-post-thumbnail","hentry","category-espectaculo"],"_links":{"self":[{"href":"https:\/\/masquenoticiastucuman.com.ar\/index.php?rest_route=\/wp\/v2\/posts\/53266","targetHints":{"allow":["GET"]}}],"collection":[{"href":"https:\/\/masquenoticiastucuman.com.ar\/index.php?rest_route=\/wp\/v2\/posts"}],"about":[{"href":"https:\/\/masquenoticiastucuman.com.ar\/index.php?rest_route=\/wp\/v2\/types\/post"}],"author":[{"embeddable":true,"href":"https:\/\/masquenoticiastucuman.com.ar\/index.php?rest_route=\/wp\/v2\/users\/1"}],"replies":[{"embeddable":true,"href":"https:\/\/masquenoticiastucuman.com.ar\/index.php?rest_route=%2Fwp%2Fv2%2Fcomments&post=53266"}],"version-history":[{"count":0,"href":"https:\/\/masquenoticiastucuman.com.ar\/index.php?rest_route=\/wp\/v2\/posts\/53266\/revisions"}],"wp:attachment":[{"href":"https:\/\/masquenoticiastucuman.com.ar\/index.php?rest_route=%2Fwp%2Fv2%2Fmedia&parent=53266"}],"wp:term":[{"taxonomy":"category","embeddable":true,"href":"https:\/\/masquenoticiastucuman.com.ar\/index.php?rest_route=%2Fwp%2Fv2%2Fcategories&post=53266"},{"taxonomy":"post_tag","embeddable":true,"href":"https:\/\/masquenoticiastucuman.com.ar\/index.php?rest_route=%2Fwp%2Fv2%2Ftags&post=53266"}],"curies":[{"name":"wp","href":"https:\/\/api.w.org\/{rel}","templated":true}]}}