{"id":53269,"date":"2025-12-31T16:00:59","date_gmt":"2025-12-31T19:00:59","guid":{"rendered":"http:\/\/masquenoticiastucuman.com.ar\/?p=53269"},"modified":"2025-12-31T16:00:59","modified_gmt":"2025-12-31T19:00:59","slug":"tras-dos-anos-de-guerra-gaza-despide-2025-entre-ruinas-dolor-y-una-fragil-esperanza","status":"publish","type":"post","link":"https:\/\/masquenoticiastucuman.com.ar\/?p=53269","title":{"rendered":"Tras dos a\u00f1os de guerra, Gaza despide 2025 entre ruinas, dolor y una fr\u00e1gil esperanza"},"content":{"rendered":"<ul>\n<li>Algunos residentes se aferran a la creencia de que el nuevo a\u00f1o podr\u00eda traer el fin de los combates y una oportunidad para la reconstrucci\u00f3n.<\/li>\n<li>Estos deseos se comparten en toda Gaza, aun cuando las condiciones sobre el terreno siguen siendo desesperadas.<\/li>\n<\/ul>\n<p>\u200bAlgunos residentes se aferran a la creencia de que el nuevo a\u00f1o podr\u00eda traer el fin de los combates y una oportunidad para la reconstrucci\u00f3n.Estos deseos se comparten en toda Gaza, aun cuando las condiciones sobre el terreno siguen siendo desesperadas.\u00a0<a href=\"https:\/\/www.clarin.com\/mundo\/anos-guerra-gaza-despide-2025-ruinas-dolor-fragil-esperanza_0_zuU3w7ouE4.html\" target=\"_blank\" class=\"feedzy-rss-link-icon\">Read More<\/a><\/p>","protected":false},"excerpt":{"rendered":"<p>Algunos residentes se aferran a la creencia de que el nuevo a\u00f1o podr\u00eda traer el&#8230;<\/p>\n","protected":false},"author":1,"featured_media":53270,"comment_status":"open","ping_status":"open","sticky":false,"template":"","format":"standard","meta":{"footnotes":""},"categories":[4],"tags":[],"class_list":["post-53269","post","type-post","status-publish","format-standard","has-post-thumbnail","hentry","category-internacionales"],"_links":{"self":[{"href":"https:\/\/masquenoticiastucuman.com.ar\/index.php?rest_route=\/wp\/v2\/posts\/53269","targetHints":{"allow":["GET"]}}],"collection":[{"href":"https:\/\/masquenoticiastucuman.com.ar\/index.php?rest_route=\/wp\/v2\/posts"}],"about":[{"href":"https:\/\/masquenoticiastucuman.com.ar\/index.php?rest_route=\/wp\/v2\/types\/post"}],"author":[{"embeddable":true,"href":"https:\/\/masquenoticiastucuman.com.ar\/index.php?rest_route=\/wp\/v2\/users\/1"}],"replies":[{"embeddable":true,"href":"https:\/\/masquenoticiastucuman.com.ar\/index.php?rest_route=%2Fwp%2Fv2%2Fcomments&post=53269"}],"version-history":[{"count":0,"href":"https:\/\/masquenoticiastucuman.com.ar\/index.php?rest_route=\/wp\/v2\/posts\/53269\/revisions"}],"wp:featuredmedia":[{"embeddable":true,"href":"https:\/\/masquenoticiastucuman.com.ar\/index.php?rest_route=\/wp\/v2\/media\/53270"}],"wp:attachment":[{"href":"https:\/\/masquenoticiastucuman.com.ar\/index.php?rest_route=%2Fwp%2Fv2%2Fmedia&parent=53269"}],"wp:term":[{"taxonomy":"category","embeddable":true,"href":"https:\/\/masquenoticiastucuman.com.ar\/index.php?rest_route=%2Fwp%2Fv2%2Fcategories&post=53269"},{"taxonomy":"post_tag","embeddable":true,"href":"https:\/\/masquenoticiastucuman.com.ar\/index.php?rest_route=%2Fwp%2Fv2%2Ftags&post=53269"}],"curies":[{"name":"wp","href":"https:\/\/api.w.org\/{rel}","templated":true}]}}