{"id":53271,"date":"2025-12-31T15:49:36","date_gmt":"2025-12-31T18:49:36","guid":{"rendered":"http:\/\/masquenoticiastucuman.com.ar\/?p=53271"},"modified":"2025-12-31T15:49:36","modified_gmt":"2025-12-31T18:49:36","slug":"mariah-carey-rompio-su-propio-record-gana-millones-y-lleva-mas-semanas-en-la-cima-que-ningun-otro-artista","status":"publish","type":"post","link":"https:\/\/masquenoticiastucuman.com.ar\/?p=53271","title":{"rendered":"Mariah Carey rompi\u00f3 su propio r\u00e9cord, gana millones y lleva m\u00e1s semanas en la cima que ning\u00fan otro artista"},"content":{"rendered":"<ul>\n<li>Ingres\u00f3 en su semana 22a del ranking con su hit navide\u00f1o.<\/li>\n<li>La canci\u00f3n encabeza una larga lista de \u00e9xitos cl\u00e1sicos de fin de a\u00f1o en los Estados Unidos.<\/li>\n<\/ul>\n<p>\u200bIngres\u00f3 en su semana 22a del ranking con su hit navide\u00f1o.La canci\u00f3n encabeza una larga lista de \u00e9xitos cl\u00e1sicos de fin de a\u00f1o en los Estados Unidos.\u00a0<a href=\"https:\/\/www.clarin.com\/espectaculos\/mariah-carey-rompio-propio-record-gana-millones-lleva-semanas-cima-artista_0_MqSn1sstJ6.html\" target=\"_blank\" class=\"feedzy-rss-link-icon\">Read More<\/a><\/p>","protected":false},"excerpt":{"rendered":"<p>Ingres\u00f3 en su semana 22a del ranking con su hit navide\u00f1o. La canci\u00f3n encabeza una&#8230;<\/p>\n","protected":false},"author":1,"featured_media":0,"comment_status":"open","ping_status":"open","sticky":false,"template":"","format":"standard","meta":{"footnotes":""},"categories":[5],"tags":[],"class_list":["post-53271","post","type-post","status-publish","format-standard","has-post-thumbnail","hentry","category-espectaculo"],"_links":{"self":[{"href":"https:\/\/masquenoticiastucuman.com.ar\/index.php?rest_route=\/wp\/v2\/posts\/53271","targetHints":{"allow":["GET"]}}],"collection":[{"href":"https:\/\/masquenoticiastucuman.com.ar\/index.php?rest_route=\/wp\/v2\/posts"}],"about":[{"href":"https:\/\/masquenoticiastucuman.com.ar\/index.php?rest_route=\/wp\/v2\/types\/post"}],"author":[{"embeddable":true,"href":"https:\/\/masquenoticiastucuman.com.ar\/index.php?rest_route=\/wp\/v2\/users\/1"}],"replies":[{"embeddable":true,"href":"https:\/\/masquenoticiastucuman.com.ar\/index.php?rest_route=%2Fwp%2Fv2%2Fcomments&post=53271"}],"version-history":[{"count":0,"href":"https:\/\/masquenoticiastucuman.com.ar\/index.php?rest_route=\/wp\/v2\/posts\/53271\/revisions"}],"wp:attachment":[{"href":"https:\/\/masquenoticiastucuman.com.ar\/index.php?rest_route=%2Fwp%2Fv2%2Fmedia&parent=53271"}],"wp:term":[{"taxonomy":"category","embeddable":true,"href":"https:\/\/masquenoticiastucuman.com.ar\/index.php?rest_route=%2Fwp%2Fv2%2Fcategories&post=53271"},{"taxonomy":"post_tag","embeddable":true,"href":"https:\/\/masquenoticiastucuman.com.ar\/index.php?rest_route=%2Fwp%2Fv2%2Ftags&post=53271"}],"curies":[{"name":"wp","href":"https:\/\/api.w.org\/{rel}","templated":true}]}}