{"id":53273,"date":"2025-12-31T16:11:40","date_gmt":"2025-12-31T19:11:40","guid":{"rendered":"http:\/\/masquenoticiastucuman.com.ar\/?p=53273"},"modified":"2025-12-31T16:11:40","modified_gmt":"2025-12-31T19:11:40","slug":"el-papu-gomez-cerro-el-ano-con-una-dura-reflexion-tras-su-regreso-al-futbol-luego-de-cumplir-una-dura-sancion-por-doping","status":"publish","type":"post","link":"https:\/\/masquenoticiastucuman.com.ar\/?p=53273","title":{"rendered":"El Papu G\u00f3mez cerr\u00f3 el a\u00f1o con una dura reflexi\u00f3n tras su regreso al f\u00fatbol luego de cumplir una dura sanci\u00f3n por doping"},"content":{"rendered":"<ul>\n<li>El campe\u00f3n del mundo en Qatar 2022 comparti\u00f3 un mensaje crudo en redes<\/li>\n<li>Expuso su proceso personal, las heridas que le dej\u00f3 la sanci\u00f3n y el valor de seguir.<\/li>\n<\/ul>\n<p>\u200bEl campe\u00f3n del mundo en Qatar 2022 comparti\u00f3 un mensaje crudo en redesExpuso su proceso personal, las heridas que le dej\u00f3 la sanci\u00f3n y el valor de seguir.\u00a0<a href=\"https:\/\/www.clarin.com\/deportes\/papu-gomez-cerro-ano-dura-reflexion-regreso-futbol-luego-cumplir-dura-sancion-doping_0_nkFJVLuBhP.html\" target=\"_blank\" class=\"feedzy-rss-link-icon\">Read More<\/a><\/p>","protected":false},"excerpt":{"rendered":"<p>El campe\u00f3n del mundo en Qatar 2022 comparti\u00f3 un mensaje crudo en redes Expuso su&#8230;<\/p>\n","protected":false},"author":1,"featured_media":0,"comment_status":"open","ping_status":"open","sticky":false,"template":"","format":"standard","meta":{"footnotes":""},"categories":[6],"tags":[],"class_list":["post-53273","post","type-post","status-publish","format-standard","has-post-thumbnail","hentry","category-deportes"],"_links":{"self":[{"href":"https:\/\/masquenoticiastucuman.com.ar\/index.php?rest_route=\/wp\/v2\/posts\/53273","targetHints":{"allow":["GET"]}}],"collection":[{"href":"https:\/\/masquenoticiastucuman.com.ar\/index.php?rest_route=\/wp\/v2\/posts"}],"about":[{"href":"https:\/\/masquenoticiastucuman.com.ar\/index.php?rest_route=\/wp\/v2\/types\/post"}],"author":[{"embeddable":true,"href":"https:\/\/masquenoticiastucuman.com.ar\/index.php?rest_route=\/wp\/v2\/users\/1"}],"replies":[{"embeddable":true,"href":"https:\/\/masquenoticiastucuman.com.ar\/index.php?rest_route=%2Fwp%2Fv2%2Fcomments&post=53273"}],"version-history":[{"count":0,"href":"https:\/\/masquenoticiastucuman.com.ar\/index.php?rest_route=\/wp\/v2\/posts\/53273\/revisions"}],"wp:attachment":[{"href":"https:\/\/masquenoticiastucuman.com.ar\/index.php?rest_route=%2Fwp%2Fv2%2Fmedia&parent=53273"}],"wp:term":[{"taxonomy":"category","embeddable":true,"href":"https:\/\/masquenoticiastucuman.com.ar\/index.php?rest_route=%2Fwp%2Fv2%2Fcategories&post=53273"},{"taxonomy":"post_tag","embeddable":true,"href":"https:\/\/masquenoticiastucuman.com.ar\/index.php?rest_route=%2Fwp%2Fv2%2Ftags&post=53273"}],"curies":[{"name":"wp","href":"https:\/\/api.w.org\/{rel}","templated":true}]}}