{"id":53277,"date":"2025-12-31T20:16:04","date_gmt":"2025-12-31T23:16:04","guid":{"rendered":"http:\/\/masquenoticiastucuman.com.ar\/?p=53277"},"modified":"2025-12-31T20:16:04","modified_gmt":"2025-12-31T23:16:04","slug":"luis-de-la-fuente-de-la-finalissima-a-los-elogios-a-messi-y-una-certeza-vamos-a-pelear-por-el-mundial","status":"publish","type":"post","link":"https:\/\/masquenoticiastucuman.com.ar\/?p=53277","title":{"rendered":"Luis de la Fuente, de la Finalissima a los elogios a Messi y una certeza: &#8220;Vamos a pelear por el Mundial&#8221;"},"content":{"rendered":"<ul>\n<li>El entrenador de Espa\u00f1a habl\u00f3 antes del cierre de 2025.<\/li>\n<li>Hizo un balance de su trabajo en la selecci\u00f3n espa\u00f1ola y se enfoc\u00f3 en 2026.<\/li>\n<\/ul>\n<p>\u200bEl entrenador de Espa\u00f1a habl\u00f3 antes del cierre de 2025.Hizo un balance de su trabajo en la selecci\u00f3n espa\u00f1ola y se enfoc\u00f3 en 2026.\u00a0<a href=\"https:\/\/www.clarin.com\/deportes\/luis-fuente-finalissima-elogios-messi-certeza-vamos-pelear-mundial_0_5n4kWItvZJ.html\" target=\"_blank\" class=\"feedzy-rss-link-icon\">Read More<\/a><\/p>","protected":false},"excerpt":{"rendered":"<p>El entrenador de Espa\u00f1a habl\u00f3 antes del cierre de 2025. Hizo un balance de su&#8230;<\/p>\n","protected":false},"author":1,"featured_media":0,"comment_status":"open","ping_status":"open","sticky":false,"template":"","format":"standard","meta":{"footnotes":""},"categories":[6],"tags":[],"class_list":["post-53277","post","type-post","status-publish","format-standard","has-post-thumbnail","hentry","category-deportes"],"_links":{"self":[{"href":"https:\/\/masquenoticiastucuman.com.ar\/index.php?rest_route=\/wp\/v2\/posts\/53277","targetHints":{"allow":["GET"]}}],"collection":[{"href":"https:\/\/masquenoticiastucuman.com.ar\/index.php?rest_route=\/wp\/v2\/posts"}],"about":[{"href":"https:\/\/masquenoticiastucuman.com.ar\/index.php?rest_route=\/wp\/v2\/types\/post"}],"author":[{"embeddable":true,"href":"https:\/\/masquenoticiastucuman.com.ar\/index.php?rest_route=\/wp\/v2\/users\/1"}],"replies":[{"embeddable":true,"href":"https:\/\/masquenoticiastucuman.com.ar\/index.php?rest_route=%2Fwp%2Fv2%2Fcomments&post=53277"}],"version-history":[{"count":0,"href":"https:\/\/masquenoticiastucuman.com.ar\/index.php?rest_route=\/wp\/v2\/posts\/53277\/revisions"}],"wp:attachment":[{"href":"https:\/\/masquenoticiastucuman.com.ar\/index.php?rest_route=%2Fwp%2Fv2%2Fmedia&parent=53277"}],"wp:term":[{"taxonomy":"category","embeddable":true,"href":"https:\/\/masquenoticiastucuman.com.ar\/index.php?rest_route=%2Fwp%2Fv2%2Fcategories&post=53277"},{"taxonomy":"post_tag","embeddable":true,"href":"https:\/\/masquenoticiastucuman.com.ar\/index.php?rest_route=%2Fwp%2Fv2%2Ftags&post=53277"}],"curies":[{"name":"wp","href":"https:\/\/api.w.org\/{rel}","templated":true}]}}