{"id":53542,"date":"2026-01-04T21:18:44","date_gmt":"2026-01-05T00:18:44","guid":{"rendered":"http:\/\/masquenoticiastucuman.com.ar\/?p=53542"},"modified":"2026-01-04T21:18:44","modified_gmt":"2026-01-05T00:18:44","slug":"critics-choice-awards-2026-todos-los-ganadores-y-que-paso-con-belen-de-dolores-fonzi","status":"publish","type":"post","link":"https:\/\/masquenoticiastucuman.com.ar\/?p=53542","title":{"rendered":"Critics Choice Awards 2026, todos los ganadores y \u00bfqu\u00e9 pas\u00f3 con Bel\u00e9n, de Dolores Fonzi?"},"content":{"rendered":"<ul>\n<li>El filme de y con Dolores Fonzi compite en el rubro mejor pel\u00edcula en lengua extranjera.<\/li>\n<li>Con la ceremonia en Santa M\u00f3nica arranca la Temporada de premios. &#8220;Pecadores&#8221; y &#8220;Una batalla tras otra&#8221; picaban en punta en las nominaciones.<\/li>\n<\/ul>\n<p>\u200bEl filme de y con Dolores Fonzi compite en el rubro mejor pel\u00edcula en lengua extranjera.Con la ceremonia en Santa M\u00f3nica arranca la Temporada de premios. &#8220;Pecadores&#8221; y &#8220;Una batalla tras otra&#8221; picaban en punta en las nominaciones.\u00a0<a href=\"https:\/\/www.clarin.com\/espectaculos\/critics-choice-awards-2026-ganadores-paso-belen-dolores-fonzi_0_rF2gE1WzFp.html\" target=\"_blank\" class=\"feedzy-rss-link-icon\">Read More<\/a><\/p>","protected":false},"excerpt":{"rendered":"<p>El filme de y con Dolores Fonzi compite en el rubro mejor pel\u00edcula en lengua&#8230;<\/p>\n","protected":false},"author":1,"featured_media":0,"comment_status":"open","ping_status":"open","sticky":false,"template":"","format":"standard","meta":{"footnotes":""},"categories":[5],"tags":[],"class_list":["post-53542","post","type-post","status-publish","format-standard","has-post-thumbnail","hentry","category-espectaculo"],"_links":{"self":[{"href":"https:\/\/masquenoticiastucuman.com.ar\/index.php?rest_route=\/wp\/v2\/posts\/53542","targetHints":{"allow":["GET"]}}],"collection":[{"href":"https:\/\/masquenoticiastucuman.com.ar\/index.php?rest_route=\/wp\/v2\/posts"}],"about":[{"href":"https:\/\/masquenoticiastucuman.com.ar\/index.php?rest_route=\/wp\/v2\/types\/post"}],"author":[{"embeddable":true,"href":"https:\/\/masquenoticiastucuman.com.ar\/index.php?rest_route=\/wp\/v2\/users\/1"}],"replies":[{"embeddable":true,"href":"https:\/\/masquenoticiastucuman.com.ar\/index.php?rest_route=%2Fwp%2Fv2%2Fcomments&post=53542"}],"version-history":[{"count":0,"href":"https:\/\/masquenoticiastucuman.com.ar\/index.php?rest_route=\/wp\/v2\/posts\/53542\/revisions"}],"wp:attachment":[{"href":"https:\/\/masquenoticiastucuman.com.ar\/index.php?rest_route=%2Fwp%2Fv2%2Fmedia&parent=53542"}],"wp:term":[{"taxonomy":"category","embeddable":true,"href":"https:\/\/masquenoticiastucuman.com.ar\/index.php?rest_route=%2Fwp%2Fv2%2Fcategories&post=53542"},{"taxonomy":"post_tag","embeddable":true,"href":"https:\/\/masquenoticiastucuman.com.ar\/index.php?rest_route=%2Fwp%2Fv2%2Ftags&post=53542"}],"curies":[{"name":"wp","href":"https:\/\/api.w.org\/{rel}","templated":true}]}}