{"id":53544,"date":"2026-01-04T22:55:25","date_gmt":"2026-01-05T01:55:25","guid":{"rendered":"http:\/\/masquenoticiastucuman.com.ar\/?p=53544"},"modified":"2026-01-04T22:55:25","modified_gmt":"2026-01-05T01:55:25","slug":"trump-amenazo-a-petro-con-enviar-una-mision-de-estados-unidos-a-colombia-tras-la-detencion-de-maduro","status":"publish","type":"post","link":"https:\/\/masquenoticiastucuman.com.ar\/?p=53544","title":{"rendered":"Trump amenaz\u00f3 a Petro con enviar una &#8220;misi\u00f3n de Estados Unidos&#8221; a Colombia tras la detenci\u00f3n de Maduro"},"content":{"rendered":"<ul>\n<li>El mandatario estadounidense dijo que a su par le gusta &#8220;venderle coca\u00edna a Estados Unidos&#8221;, pero que &#8220;no lo har\u00e1 por mucho tiempo&#8221;.<\/li>\n<li>Lo hizo desde el Air Force One, en su regreso a Washington tras pasar las fiestas en Florida.<\/li>\n<\/ul>\n<p>\u200bEl mandatario estadounidense dijo que a su par le gusta &#8220;venderle coca\u00edna a Estados Unidos&#8221;, pero que &#8220;no lo har\u00e1 por mucho tiempo&#8221;.Lo hizo desde el Air Force One, en su regreso a Washington tras pasar las fiestas en Florida.\u00a0<a href=\"https:\/\/www.clarin.com\/mundo\/trump-amenazo-petro-enviar-mision-estados-unidos-colombia-detencion-maduro_0_W6hifXanxK.html\" target=\"_blank\" class=\"feedzy-rss-link-icon\">Read More<\/a><\/p>","protected":false},"excerpt":{"rendered":"<p>El mandatario estadounidense dijo que a su par le gusta &#8220;venderle coca\u00edna a Estados Unidos&#8221;,&#8230;<\/p>\n","protected":false},"author":1,"featured_media":53545,"comment_status":"open","ping_status":"open","sticky":false,"template":"","format":"standard","meta":{"footnotes":""},"categories":[4],"tags":[],"class_list":["post-53544","post","type-post","status-publish","format-standard","has-post-thumbnail","hentry","category-internacionales"],"_links":{"self":[{"href":"https:\/\/masquenoticiastucuman.com.ar\/index.php?rest_route=\/wp\/v2\/posts\/53544","targetHints":{"allow":["GET"]}}],"collection":[{"href":"https:\/\/masquenoticiastucuman.com.ar\/index.php?rest_route=\/wp\/v2\/posts"}],"about":[{"href":"https:\/\/masquenoticiastucuman.com.ar\/index.php?rest_route=\/wp\/v2\/types\/post"}],"author":[{"embeddable":true,"href":"https:\/\/masquenoticiastucuman.com.ar\/index.php?rest_route=\/wp\/v2\/users\/1"}],"replies":[{"embeddable":true,"href":"https:\/\/masquenoticiastucuman.com.ar\/index.php?rest_route=%2Fwp%2Fv2%2Fcomments&post=53544"}],"version-history":[{"count":0,"href":"https:\/\/masquenoticiastucuman.com.ar\/index.php?rest_route=\/wp\/v2\/posts\/53544\/revisions"}],"wp:featuredmedia":[{"embeddable":true,"href":"https:\/\/masquenoticiastucuman.com.ar\/index.php?rest_route=\/wp\/v2\/media\/53545"}],"wp:attachment":[{"href":"https:\/\/masquenoticiastucuman.com.ar\/index.php?rest_route=%2Fwp%2Fv2%2Fmedia&parent=53544"}],"wp:term":[{"taxonomy":"category","embeddable":true,"href":"https:\/\/masquenoticiastucuman.com.ar\/index.php?rest_route=%2Fwp%2Fv2%2Fcategories&post=53544"},{"taxonomy":"post_tag","embeddable":true,"href":"https:\/\/masquenoticiastucuman.com.ar\/index.php?rest_route=%2Fwp%2Fv2%2Ftags&post=53544"}],"curies":[{"name":"wp","href":"https:\/\/api.w.org\/{rel}","templated":true}]}}