{"id":53551,"date":"2026-01-05T00:58:26","date_gmt":"2026-01-05T03:58:26","guid":{"rendered":"http:\/\/masquenoticiastucuman.com.ar\/?p=53551"},"modified":"2026-01-05T00:58:26","modified_gmt":"2026-01-05T03:58:26","slug":"edmundo-gonzalez-urrutia-dijo-que-la-captura-de-nicolas-maduro-es-un-paso-importante-pero-no-suficiente-para-venezuela","status":"publish","type":"post","link":"https:\/\/masquenoticiastucuman.com.ar\/?p=53551","title":{"rendered":"Edmundo Gonz\u00e1lez Urrutia dijo que la captura de Nicol\u00e1s Maduro es \u201cun paso importante pero no suficiente\u201d para Venezuela"},"content":{"rendered":"<ul>\n<li>El l\u00edder opositor, que habl\u00f3 &#8220;como presidente de los venezolanos&#8221;, exigi\u00f3 liberar a los presos pol\u00edticos y cumplir el mandato popular de las \u00faltimas elecciones.  <\/li>\n<li>\u201cComo comandante en jefe, les recuerdo que su lealtad es con la Constituci\u00f3n con el pueblo y con la Rep\u00fablica\u201d, desliz\u00f3 en un mensaje hacia la Fuerza Armada Nacional y los cuerpos de seguridad del Estado.<\/li>\n<\/ul>\n<p>\u200bEl l\u00edder opositor, que habl\u00f3 &#8220;como presidente de los venezolanos&#8221;, exigi\u00f3 liberar a los presos pol\u00edticos y cumplir el mandato popular de las \u00faltimas elecciones.  \u201cComo comandante en jefe, les recuerdo que su lealtad es con la Constituci\u00f3n con el pueblo y con la Rep\u00fablica\u201d, desliz\u00f3 en un mensaje hacia la Fuerza Armada Nacional y los cuerpos de seguridad del Estado.\u00a0<a href=\"https:\/\/www.clarin.com\/mundo\/edmundo-gonzalez-urrutia-dijo-captura-nicolas-maduro-paso-importante-suficiente-venezuela_0_21thK64kEK.html\" target=\"_blank\" class=\"feedzy-rss-link-icon\">Read More<\/a><\/p>","protected":false},"excerpt":{"rendered":"<p>El l\u00edder opositor, que habl\u00f3 &#8220;como presidente de los venezolanos&#8221;, exigi\u00f3 liberar a los presos&#8230;<\/p>\n","protected":false},"author":1,"featured_media":53552,"comment_status":"open","ping_status":"open","sticky":false,"template":"","format":"standard","meta":{"footnotes":""},"categories":[4],"tags":[],"class_list":["post-53551","post","type-post","status-publish","format-standard","has-post-thumbnail","hentry","category-internacionales"],"_links":{"self":[{"href":"https:\/\/masquenoticiastucuman.com.ar\/index.php?rest_route=\/wp\/v2\/posts\/53551","targetHints":{"allow":["GET"]}}],"collection":[{"href":"https:\/\/masquenoticiastucuman.com.ar\/index.php?rest_route=\/wp\/v2\/posts"}],"about":[{"href":"https:\/\/masquenoticiastucuman.com.ar\/index.php?rest_route=\/wp\/v2\/types\/post"}],"author":[{"embeddable":true,"href":"https:\/\/masquenoticiastucuman.com.ar\/index.php?rest_route=\/wp\/v2\/users\/1"}],"replies":[{"embeddable":true,"href":"https:\/\/masquenoticiastucuman.com.ar\/index.php?rest_route=%2Fwp%2Fv2%2Fcomments&post=53551"}],"version-history":[{"count":0,"href":"https:\/\/masquenoticiastucuman.com.ar\/index.php?rest_route=\/wp\/v2\/posts\/53551\/revisions"}],"wp:featuredmedia":[{"embeddable":true,"href":"https:\/\/masquenoticiastucuman.com.ar\/index.php?rest_route=\/wp\/v2\/media\/53552"}],"wp:attachment":[{"href":"https:\/\/masquenoticiastucuman.com.ar\/index.php?rest_route=%2Fwp%2Fv2%2Fmedia&parent=53551"}],"wp:term":[{"taxonomy":"category","embeddable":true,"href":"https:\/\/masquenoticiastucuman.com.ar\/index.php?rest_route=%2Fwp%2Fv2%2Fcategories&post=53551"},{"taxonomy":"post_tag","embeddable":true,"href":"https:\/\/masquenoticiastucuman.com.ar\/index.php?rest_route=%2Fwp%2Fv2%2Ftags&post=53551"}],"curies":[{"name":"wp","href":"https:\/\/api.w.org\/{rel}","templated":true}]}}